{"id":528435,"date":"2025-11-12T02:45:12","date_gmt":"2025-11-12T02:45:12","guid":{"rendered":"https:\/\/www.europesays.com\/fr\/528435\/"},"modified":"2025-11-12T02:45:12","modified_gmt":"2025-11-12T02:45:12","slug":"masters-atp-alcaraz-entrevoit-le-dernier-carre-et-le-trone-de-n-1-mondial","status":"publish","type":"post","link":"https:\/\/www.europesays.com\/fr\/528435\/","title":{"rendered":"Masters ATP: Alcaraz entrevoit le dernier carr\u00e9 et le tr\u00f4ne de N.1 mondial"},"content":{"rendered":"<p class=\"mb-4 text-lg md:leading-8 break-words\">Carlos Alcaraz a fait un grand pas vers le dernier carr\u00e9 du Masters ATP et n&rsquo;a plus besoin que d&rsquo;une victoire pour rester N.1 mondial jusqu&rsquo;\u00e0 d\u00e9but 2026 apr\u00e8s sa victoire renversante contre Taylor Fritz 6-7 (2\/7), 7-5, 6-3, mardi \u00e0 Turin.<\/p>\n<p class=\"mb-4 text-lg md:leading-8 break-words\">Un an apr\u00e8s y avoir mordu la poussi\u00e8re d\u00e8s la phase de groupes, \u00ab\u00a0Carlitos\u00a0\u00bb, 22 ans, est pass\u00e9 tout pr\u00e8s d&rsquo;un nouveau KO \u00e0 l&rsquo;Inalpi Arena.<\/p>\n<p class=\"mb-4 text-lg md:leading-8 break-words\">Men\u00e9 une manche \u00e0 z\u00e9ro, frustr\u00e9 par son incapacit\u00e9 \u00e0 contrer son adversaire am\u00e9ricain qu&rsquo;il avait toujours battu, sauf lors de la derni\u00e8re Laver Cup, l&rsquo;Espagnol a d\u00fb batailler pendant quatorze minutes et repousser plusieurs balles de break pour remporter le cinqui\u00e8me jeu de la deuxi\u00e8me manche.<\/p>\n<p class=\"mb-4 text-lg md:leading-8 break-words\">Alcaraz, vainqueur de huit titres cette saison, dont Roland-Garros et l&rsquo;US Open, a f\u00eat\u00e9 son impeccable vol\u00e9e gagnante comme s&rsquo;il avait remport\u00e9 le match.<\/p>\n<p class=\"mb-4 text-lg md:leading-8 break-words\">Et dans les faits, m\u00eame s&rsquo;il a fallu attendre la fin du set pour qu&rsquo;il fasse la diff\u00e9rence et \u00e9galise \u00e0 une manche partout, ce jeu a permis \u00e0 l&rsquo;Espagnol de prendre irr\u00e9m\u00e9diablement l&rsquo;ascendant.<\/p>\n<p class=\"mb-4 text-lg md:leading-8 break-words\">Fritz, jusque l\u00e0 souverain sur sa mise \u00e0 jeu (14 aces, 75% de premiers balles), a commenc\u00e9 \u00e0 piocher physiquement, avant de perdre compl\u00e9tement le fil dans un troisi\u00e8me set \u00e0 sens unique o\u00f9 il a perdu sa mise en jeu \u00e0 deux reprises.<\/p>\n<p class=\"mb-4 text-lg md:leading-8 break-words\">\u00ab\u00a0J&rsquo;ai eu l&rsquo;occasion de remporter ce match dans le deuxi\u00e8me set et je n&rsquo;ai pas r\u00e9ussi en profiter, j&rsquo;ai eu ma chance, c&rsquo;est tout ce je peux demander, mais cela n&rsquo;enl\u00e8ve pas le sentiment de frustration\u00a0\u00bb, a reconnu Fritz, demi-finaliste du \u00ab\u00a0tournoi des ma\u00eetres\u00a0\u00bb en 2022 et finaliste l&rsquo;an dernier.<\/p>\n<p class=\"mb-4 text-lg md:leading-8 break-words\">&#8211; \u00ab\u00a0Soulag\u00e9 plus qu&rsquo;heureux\u00a0\u00bb &#8211;<\/p>\n<p class=\"mb-4 text-lg md:leading-8 break-words\">\u00ab\u00a0Vers la fin du premier set, j&rsquo;ai commenc\u00e9 \u00e0 sentir que mon genou commen\u00e7ait \u00e0 me poser probl\u00e8me, mais ce n&rsquo;est que dans le troisi\u00e8me set que cela m&rsquo;a vraiment impact\u00e9\u00a0\u00bb, a poursuivi l&rsquo;Am\u00e9ricain, en proie \u00e0 des probl\u00e8mes r\u00e9currents de tendinite depuis presqu&rsquo;un an.<\/p>\n<p class=\"mb-4 text-lg md:leading-8 break-words\">De son c\u00f4t\u00e9, Alcaraz a conscience d&rsquo;\u00eatre pass\u00e9 tout pr\u00e8s de la d\u00e9faite.<\/p>\n<p class=\"mb-4 text-lg md:leading-8 break-words\">\u00ab\u00a0C&rsquo;\u00e9tait un match tr\u00e8s serr\u00e9, je n&rsquo;ai pas bien servi au d\u00e9but alors que Taylor faisait tout tr\u00e8s bien. Je suis soulag\u00e9 plus qu&rsquo;heureux, car je ne me sentais pas aussi bien que lors de mon premier match ici\u00a0\u00bb, a-t-il avou\u00e9.<\/p>\n<p class=\"mb-4 text-lg md:leading-8 break-words\">\u00ab\u00a0Le positif \u00e0 retenir, c&rsquo;est que j&rsquo;ai trouv\u00e9 le moyen de me sortir d&rsquo;une mauvaise situation\u00a0\u00bb, a soulign\u00e9 le Murcien qui restait sur une \u00e9limination d&rsquo;entr\u00e9e au Masters 1000 de Paris.<\/p>\n<p class=\"mb-4 text-lg md:leading-8 break-words\">Vainqueur pour son entr\u00e9e en lice dimanche de l&rsquo;Australien Alex De Minaur, Alcaraz pouvait recevoir son billet pour les demi-finales en soir\u00e9e, en cas de succ\u00e8s de De Minaur (7e) face \u00e0 Lorenzo Musetti (8e). L&rsquo;Australien a servi pour le match, mais a fini par s&rsquo;incliner 7-5, 3-6, 7-5.<\/p>\n<p class=\"mb-4 text-lg md:leading-8 break-words\">Alcaraz devra donc attendre son dernier match de poules, contre Musetti jeudi, pour valider son billet pour les demi-finales. S&rsquo;il bat l&rsquo;Italien, il sera \u00e9galement assur\u00e9 de terminer l&rsquo;ann\u00e9e dans le tr\u00f4ne de N.1 mondial pour la deuxi\u00e8me fois de sa carri\u00e8re apr\u00e8s 2022.<\/p>\n<p class=\"mb-4 text-lg md:leading-8 break-words\">Il pourra alors aborder le dernier carr\u00e9 l&rsquo;esprit lib\u00e9r\u00e9 pour affronter possiblement en finale son dauphin et grand rival, le tenant du titre Jannik Sinner, qui sera oppos\u00e9 mercredi en soir\u00e9e \u00e0 l&rsquo;Allemand Alexander Zverev (3e).<\/p>\n<p class=\"mb-4 text-lg md:leading-8 break-words\">bur\/jr\/chc<\/p>\n","protected":false},"excerpt":{"rendered":"Carlos Alcaraz a fait un grand pas vers le dernier carr\u00e9 du Masters ATP et n&rsquo;a plus besoin&hellip;\n","protected":false},"author":2,"featured_media":528436,"comment_status":"","ping_status":"","sticky":false,"template":"","format":"standard","meta":{"footnotes":""},"categories":[1415],"tags":[1744,1011,27,61921,64767,60,15535,1467],"class_list":{"0":"post-528435","1":"post","2":"type-post","3":"status-publish","4":"format-standard","5":"has-post-thumbnail","7":"category-tennis","8":"tag-alcaraz","9":"tag-fr","10":"tag-france","11":"tag-lespagnol-2","12":"tag-sentiment-de-frustration","13":"tag-sports","14":"tag-taylor-fritz","15":"tag-tennis"},"share_on_mastodon":{"url":"https:\/\/pubeurope.com\/@fr\/115534438272436848","error":""},"_links":{"self":[{"href":"https:\/\/www.europesays.com\/fr\/wp-json\/wp\/v2\/posts\/528435","targetHints":{"allow":["GET"]}}],"collection":[{"href":"https:\/\/www.europesays.com\/fr\/wp-json\/wp\/v2\/posts"}],"about":[{"href":"https:\/\/www.europesays.com\/fr\/wp-json\/wp\/v2\/types\/post"}],"author":[{"embeddable":true,"href":"https:\/\/www.europesays.com\/fr\/wp-json\/wp\/v2\/users\/2"}],"replies":[{"embeddable":true,"href":"https:\/\/www.europesays.com\/fr\/wp-json\/wp\/v2\/comments?post=528435"}],"version-history":[{"count":0,"href":"https:\/\/www.europesays.com\/fr\/wp-json\/wp\/v2\/posts\/528435\/revisions"}],"wp:featuredmedia":[{"embeddable":true,"href":"https:\/\/www.europesays.com\/fr\/wp-json\/wp\/v2\/media\/528436"}],"wp:attachment":[{"href":"https:\/\/www.europesays.com\/fr\/wp-json\/wp\/v2\/media?parent=528435"}],"wp:term":[{"taxonomy":"category","embeddable":true,"href":"https:\/\/www.europesays.com\/fr\/wp-json\/wp\/v2\/categories?post=528435"},{"taxonomy":"post_tag","embeddable":true,"href":"https:\/\/www.europesays.com\/fr\/wp-json\/wp\/v2\/tags?post=528435"}],"curies":[{"name":"wp","href":"https:\/\/api.w.org\/{rel}","templated":true}]}}