{"id":528437,"date":"2025-11-12T02:49:12","date_gmt":"2025-11-12T02:49:12","guid":{"rendered":"https:\/\/www.europesays.com\/fr\/528437\/"},"modified":"2025-11-12T02:49:12","modified_gmt":"2025-11-12T02:49:12","slug":"gregory-bauge-les-gens-en-veulent-encore-actualite","status":"publish","type":"post","link":"https:\/\/www.europesays.com\/fr\/528437\/","title":{"rendered":"Gr\u00e9gory Baug\u00e9 : \u00ab\u00a0Les gens en veulent encore\u00a0\u00bb &#8211; Actualit\u00e9"},"content":{"rendered":"<p style=\"text-align: justify;\">Gr\u00e9gory Baug\u00e9 est revenu du Championnat de France sur piste de l&rsquo;Avenir avec un grand sourire et des \u00e9toiles plein les yeux. Le multiple Champion du Monde de vitesse est devenu charg\u00e9 de mission pour la d\u00e9tection pour la fili\u00e8re sprint, \u00ab\u00a0une volont\u00e9 de ma part\u00a0\u00bb. C&rsquo;est donc avec son b\u00e2ton de p\u00e8lerin qu&rsquo;il veut parcourir les r\u00e9gions pour aider les clubs et les entra\u00eeneurs locaux \u00e0 renouer le fil avec le sprint en reprenant \u00ab\u00a0les fondamentaux\u00a0\u00bb. L&rsquo;ancien entra\u00eeneur national explique sa d\u00e9marche \u00e0 DirectVelo.<\/p>\n<p><strong>DirectVelo : Pourquoi avoir accept\u00e9 cette mission ?<\/strong><br \/>Gr\u00e9gory Baug\u00e9 : C&rsquo;\u00e9tait une volont\u00e9 de ma part apr\u00e8s les JO. Je n&rsquo;aurais pas \u00e9t\u00e9 \u00e9panoui si j&rsquo;avais continu\u00e9 \u00e0 entra\u00eener en voyant que notre syst\u00e8me devait \u00e9voluer et \u00e7a n&rsquo;aurait rien donn\u00e9 de bon. Je suis persuad\u00e9 depuis longtemps qu&rsquo;il faut retravailler \u00e0 la base. L&rsquo;\u00e9lite doit d\u00e9pendre de la base. Si au d\u00e9part, des fondamentaux sont n\u00e9glig\u00e9s, il ne faut pas s&rsquo;attendre \u00e0 de bons r\u00e9sultats quand ils arrivent plus haut. La DTN et le Pr\u00e9sident de la FFC ont valid\u00e9 mon projet.<\/p>\n<p><strong>Quel public vises-tu ?<\/strong><br \/>Les clubs et les structures qui accueillent des sprinters. Il y a quelques clubs qui ont le label sprint. Je ne suis pas l\u00e0 pour leur imposer des choses. On manque de techniciens, certains partent \u00e0 l&rsquo;\u00e9tranger ou arr\u00eatent. Il faut les aider pour qu&rsquo;ils montent en comp\u00e9tence. L&rsquo;\u00e9ducateur, c&rsquo;est le premier qui voit le champion de demain. Il faut un r\u00e9el \u00e9change avec\u00a0lui.<\/p>\n<p><strong>\u00c7a\u00a0passe par des formations ?<\/strong><br \/>Il y a des formations mais elles ont un co\u00fbt, les gens sont b\u00e9n\u00e9voles, je raisonne \u00e0 mon niveau. La FFC doit \u00eatre capable de les accompagner pour monter en comp\u00e9tence. La th\u00e9orie, c&rsquo;est bien mais il faut aussi la pratique. J&rsquo;aurais bien aim\u00e9 dans mes trois ann\u00e9es d&rsquo;entra\u00eeneur que des \u00e9ducateurs et entra\u00eeneurs de ces structures viennent passer une semaine ou deux \u00e0 Saint-Quentin. Au lieu d&rsquo;attendre de la base, je veux leur faire profiter de mon exp\u00e9rience.\u00a0<\/p>\n<p><strong>\u00ab\u00a0ICI, JE ME PRENDS UNE CLAQUE \u00bb<\/strong><\/p>\n<p><strong>Est-ce qu&rsquo;on arrive encore \u00e0 d\u00e9tecter des sprinters ?<\/strong><br \/>Pendant\u00a0ce Championnat, j&rsquo;\u00e9tais ravi de voir qu&rsquo;il y a des \u00e9ducateurs en r\u00e9gion qui arrivent \u00e0 former des Cadets et des Juniors qui sortent des performances et qui ne sont pas dans le cursus f\u00e9d\u00e9ral.<\/p>\n<p><strong>Est-ce que c&rsquo;est normal de les d\u00e9couvrir au Championnat de France et pas avant ?<\/strong><br \/>Ce qui n&rsquo;est pas normal ou ce qui me peine un peu, c&rsquo;est que j&rsquo;ai entendu pendant mes trois ans d&rsquo;entra\u00eeneur national qu&rsquo;on n&rsquo;arrive pas \u00e0 former, qu&rsquo;il n&rsquo;y a pas de jeunes qui veulent faire du sprint et ici, je prends une claque. Je me rends compte qu&rsquo;il y a des gamins. Moins qu&rsquo;avant pour le sprint mais il y en a. M\u00eame chez ceux qui ne sont pas sur les podiums, je vois des choses int\u00e9ressantes en terme technico-tactique. Au plus haut niveau, il faut aller vite, c&rsquo;est vrai, mais si vous roulez mal techniquement&#8230; la pr\u00e9paration mentale c&rsquo;est un des \u00e9l\u00e9ments de la performance. En discutant avec certains dans ce Championnat de France de jeunes, je me rends compte qu&rsquo;ils le mettent d\u00e9j\u00e0 en place. Le sprint n&rsquo;est pas mort, je suis surpris dans le bon sens.<\/p>\n<p><strong>Tu as des exemples ?<\/strong><br \/>Quand je vois<a href=\"https:\/\/www.directvelo.com\/actualite\/125047\/flavie-michaud-pensait-avoir-fait-son-choix\" target=\"_blank\" rel=\"noopener\"><strong> Flavie Michaud sur la piste<\/strong><\/a>, je me r\u00e9gale. Je vois une gamine qui n&rsquo;est pas \u00e0 Bourges, ni \u00e0 Saint-Quentin, mais elle a d\u00e9j\u00e0 des bagages que certains Elites n&rsquo;ont pas. \u00c7a me marque parce que je me dis qu&rsquo;il y a des personnes dans les clubs, dans les r\u00e9gions, qui savent faire. Ils s&rsquo;informent, ils regardent les Championnats, je suis surpris dans le bon sens. M\u00eame en chambre d&rsquo;appel, je vois des attitudes&#8230; Si cette gamine passe sur la piste, elle a des bagages qui lui permettront de naviguer dans ce monde o\u00f9 il faut g\u00e9rer le stress. Elle m&rsquo;a expliqu\u00e9 son travail et pourtant cette gamine n&rsquo;est pas en structure f\u00e9d\u00e9rale.<\/p>\n<p><strong>\u00ab \u00caTRE PR\u00caT\u00a0\u00c0 CE QUE LES COUREURS NE VEULENT PLUS VENIR EN STRUCTURE \u00bb<\/strong><\/p>\n<p><strong>Qu&rsquo;est-ce que la FFC peut leur proposer ?<\/strong><br \/>Comment fait-on pour que ces gamins continuent de monter vers des titres mondiaux ? Je n&rsquo;ai pas la r\u00e9ponse. On veut les meilleurs \u00e0 Saint-Quentin et \u00e0 Bourges mais il faut \u00eatre pr\u00eat aussi \u00e0 ce que les coureurs ne veulent plus venir en structure. Ici, \u00e0 Loud\u00e9ac, ils ont une piste, \u00e7a se passe bien, il y a des gamins qui habitent \u00e0 5 minutes du v\u00e9lodrome. Il faut aussi rassurer les familles. C&rsquo;est le bon moment pour se poser des questions.<\/p>\n<p><strong>Pour parler de l&rsquo;Outre-Mer,\u00a0<a href=\"https:\/\/www.directvelo.com\/actualite\/120477\/nicolas-laugier-loin-du-pole-veut-se-rapprocher-de-lequipe-de-france\" target=\"_blank\" rel=\"noopener\">Nicolas Laugier a eu de meilleurs r\u00e9sultats en revenant chez lui&#8230;<\/a><\/strong><br \/>Voil\u00e0 , c&rsquo;est factuel, il a \u00e9t\u00e9 en p\u00f4le un moment, il est revenu chez lui. Didier Henriette l&rsquo;entra\u00eene chez lui. J&rsquo;ai envie de dire \u00e0 la f\u00e9d\u00e9ration, aidez La R\u00e9union. Quel est le bilan du p\u00f4le outremer ? Qu&rsquo;est-ce qu&rsquo;on propose aux coureurs qui ne sont pas \u00e0 Bourges ni \u00e0 Saint-Quentin ? Si la f\u00e9d\u00e9 aide son entra\u00eeneur, \u00e7a doit \u00eatre faisable. Pour le cas de Nicolas Laugier qu&rsquo;est-ce qu&rsquo;on fait pour qu&rsquo;il continue d&rsquo;avoir la flamme ? En Nouvelle-Cal\u00e9donie, F\u00e9licia Ballanger fait du boulot, avec son mari et Laurent Gan\u00e9. Si ces gens-l\u00e0 baissent les bras, qu&rsquo;est-ce qu&rsquo;on fait ? On ne peut pas continuer de se comporter comme si on avait une grosse r\u00e9serve de techniciens et de jeunes coureurs.<\/p>\n<p><strong>Faut-il repartir d&rsquo;une page blanche ?<\/strong><br \/>Je ne dis pas qu&rsquo;il faut fermer nos structures mais il faut comprendre que notre syst\u00e8me f\u00e9d\u00e9ral doit changer. Il y a des v\u00e9lodromes couverts en France, il faut les aider avec des moyens humains, avec du mat\u00e9riel. Notre meilleure \u00e9poque c&rsquo;est quand il y avait nos deux p\u00f4les \u00e0 Hy\u00e8res et l&rsquo;INSEP. Qu&rsquo;est-ce que \u00e7a a apport\u00e9 quand on a tout r\u00e9uni \u00e0 Saint-Quentin ? On a eu de la joie mais aussi beaucoup de peines.<\/p>\n<p><strong>\u00ab\u00a0JE NE SUIS PAS UN MAGICIEN \u00bb<\/strong><\/p>\n<p><strong>Te donnes-tu des objectifs ?<\/strong><br \/>Je ne suis pas dans 2028, 2032. Je ne suis pas un magicien. Si on ne fait pas bien les choses \u00e0 la base, \u00e7a ne peut pas bien marcher. Il faut qu&rsquo;on descende vers la base, sans imposer des choses. Les peu de personnes qui ont encore envie de donner \u00e0 notre sport, au sprint, il faut les aider.<\/p>\n<p><strong>Pour accrocher des jeunes, est-ce qu&rsquo;il faut aussi leur donner des courses ?<\/strong><br \/>Pour les emmener vers le sprint, il faut les int\u00e9resser. On a besoin de plus de comp\u00e9titions, mettre des \u00e9preuves li\u00e9es au sprint dans les programmes. Pour des comp\u00e9titions, on peut imaginer des dotations en mat\u00e9riel avec les partenaires de la f\u00e9d\u00e9ration, car \u00e7a co\u00fbte cher le cyclisme. Notre vitrine n&rsquo;a plus de r\u00e9sultats pour attirer vers le sprint alors qu&rsquo;avant c&rsquo;\u00e9tait l&rsquo;arbre qui cachait la for\u00eat. On ne s&rsquo;identifie pas \u00e0 nos sprinters. Tout le monde veut aller sur la route, c&rsquo;est normal, il y a des courses sur route, on les voit de plus en plus \u00e0 la t\u00e9l\u00e9, il y a des choses sur les r\u00e9seaux sociaux. En Grande-Bretagne, il y a des comp\u00e9titions. Quand j&rsquo;\u00e9tais Juniors, il y avait plus de courses r\u00e9gionales sur piste.<\/p>\n<p><strong>\u00ab POURQUOI NE PAS REMETTRE LA M\u00c9DAILLE ? \u00bb<\/strong><\/p>\n<p><strong>Le v\u00e9lodrome national n&rsquo;organise pas souvent (il y a une Coupe d&rsquo;Ile-de-France cet hiver en cinq manches)&#8230;<\/strong><br \/>J&rsquo;entends qu&rsquo;on n&rsquo;organise pas parce que \u00e7a co\u00fbte un bras. La f\u00e9d\u00e9 doit \u00eatre capable de l&rsquo;entendre. L&rsquo;US Cr\u00e9teil, \u00e7a fait bien des ann\u00e9es qu&rsquo;ils n&rsquo;ont pas organis\u00e9 sur piste parce que c&rsquo;est trop cher. Quand j&rsquo;\u00e9tais jeune, il y avait aussi des comp\u00e9titions phare avec la M\u00e9daille \u00e0 l&rsquo;INSEP. De la m\u00eame mani\u00e8re, il y a le Kilom\u00e8tre Paris-Tours qui perdure. Pourquoi ne pas remettre la M\u00e9daille ? C&rsquo;est le r\u00f4le de la f\u00e9d\u00e9ration d&rsquo;aller chercher des partenaires pour les organiser.<\/p>\n<p><strong>Quelles sont les relations avec V\u00e9lopolis (qui g\u00e8re le v\u00e9lodrome de Saint-Quentin-en-Yvelines) ?<\/strong><br \/>La cohabitation \u00e9tait difficile avec eux au sujet des cr\u00e9neaux de l&rsquo;\u00e9quipe de France quand j&rsquo;\u00e9tais entra\u00eeneur. En d\u00e9but d&rsquo;ann\u00e9e, ils m&rsquo;ont invit\u00e9. V\u00e9lopolis a aussi int\u00e9r\u00eat \u00e0 avoir une meilleure cohabitation pour que l&rsquo;\u00e9quipe de France ait de meilleurs r\u00e9sultats. Mais j&rsquo;ai senti qu&rsquo;ils sont pr\u00eats \u00e0 aider la base et avancer ensemble. Si on veut retrouver une certaine place, il faut qu&rsquo;on soit tous unis.<\/p>\n<p><strong>Quelle m\u00e9thode veux-tu appliquer ?<\/strong><br \/>Je suis persuad\u00e9 qu&rsquo;on doit se rapprocher des clubs, \u00eatre \u00e0 leur c\u00f4t\u00e9, sans leur imposer des choses. Parfois j&rsquo;entends, \u00ab\u00a0nos gamins ne veulent pas faire de sprint\u00a0\u00bb, je ne suis pas l\u00e0 pour leur imposer mais je leur dis que le sprint c&rsquo;est une qualit\u00e9 qui peut servir dans toutes les disciplines m\u00eame le VTT. Ma premi\u00e8re \u00e9tape, ce n&rsquo;est pas de prendre le chrono et des tests de mesures, je leur dis, \u00ab\u00a0venez, \u00e7a ne vous fera que du bien\u00a0\u00bb. M\u00eame les \u00e9ducateurs qui ne sont pas int\u00e9ress\u00e9s par le sprint, venez. Il faut aussi aider les clubs \u00e0 accueillir des nouveaux coureurs qui peuvent venir du BMX. Si un club a tant de v\u00e9los de piste, on fait comment s&rsquo;il y a plus de coureurs ? Il faut les accompagner. L&rsquo;\u00e9lite a besoin de se rapprocher du terrain.\u00a0\u00c7a me fait chaud au coeur de venir \u00e0 Loud\u00e9ac, en plus je d\u00e9couvre le v\u00e9lodrome, les gens en veulent encore.\u00a0<\/p>\n","protected":false},"excerpt":{"rendered":"Gr\u00e9gory Baug\u00e9 est revenu du Championnat de France sur piste de l&rsquo;Avenir avec un grand sourire et des&hellip;\n","protected":false},"author":2,"featured_media":528438,"comment_status":"","ping_status":"","sticky":false,"template":"","format":"standard","meta":{"footnotes":""},"categories":[1411],"tags":[834,828,836,829,837,827,83,826,824,823,1154,207,814,817,815,816,822,821,832,211,839,1011,27,820,818,819,835,831,830,833,838,60,212,208,825],"class_list":{"0":"post-528437","1":"post","2":"type-post","3":"status-publish","4":"format-standard","5":"has-post-thumbnail","7":"category-cyclisme","8":"tag-attaque","9":"tag-belgique","10":"tag-braquet","11":"tag-bretagne","12":"tag-chute","13":"tag-competition","14":"tag-coupe-de-france","15":"tag-coureur","16":"tag-course-cyclisme","17":"tag-course-cycliste","18":"tag-cycling","19":"tag-cyclisme","20":"tag-direct","21":"tag-direct-velo","22":"tag-directvelo","23":"tag-directvelo-com","24":"tag-epreuve","25":"tag-epreuve-cycliste","26":"tag-federation-francaise-de-cyclisme","27":"tag-ffc","28":"tag-flandres","29":"tag-fr","30":"tag-france","31":"tag-live","32":"tag-live-course","33":"tag-live-epreuve","34":"tag-peloton","35":"tag-radio-peloton","36":"tag-radio-tour","37":"tag-ravitaillement","38":"tag-relance","39":"tag-sports","40":"tag-uci","41":"tag-velo","42":"tag-velos"},"share_on_mastodon":{"url":"https:\/\/pubeurope.com\/@fr\/115534454121033395","error":""},"_links":{"self":[{"href":"https:\/\/www.europesays.com\/fr\/wp-json\/wp\/v2\/posts\/528437","targetHints":{"allow":["GET"]}}],"collection":[{"href":"https:\/\/www.europesays.com\/fr\/wp-json\/wp\/v2\/posts"}],"about":[{"href":"https:\/\/www.europesays.com\/fr\/wp-json\/wp\/v2\/types\/post"}],"author":[{"embeddable":true,"href":"https:\/\/www.europesays.com\/fr\/wp-json\/wp\/v2\/users\/2"}],"replies":[{"embeddable":true,"href":"https:\/\/www.europesays.com\/fr\/wp-json\/wp\/v2\/comments?post=528437"}],"version-history":[{"count":0,"href":"https:\/\/www.europesays.com\/fr\/wp-json\/wp\/v2\/posts\/528437\/revisions"}],"wp:featuredmedia":[{"embeddable":true,"href":"https:\/\/www.europesays.com\/fr\/wp-json\/wp\/v2\/media\/528438"}],"wp:attachment":[{"href":"https:\/\/www.europesays.com\/fr\/wp-json\/wp\/v2\/media?parent=528437"}],"wp:term":[{"taxonomy":"category","embeddable":true,"href":"https:\/\/www.europesays.com\/fr\/wp-json\/wp\/v2\/categories?post=528437"},{"taxonomy":"post_tag","embeddable":true,"href":"https:\/\/www.europesays.com\/fr\/wp-json\/wp\/v2\/tags?post=528437"}],"curies":[{"name":"wp","href":"https:\/\/api.w.org\/{rel}","templated":true}]}}