{"id":528464,"date":"2025-11-12T03:04:11","date_gmt":"2025-11-12T03:04:11","guid":{"rendered":"https:\/\/www.europesays.com\/fr\/528464\/"},"modified":"2025-11-12T03:04:11","modified_gmt":"2025-11-12T03:04:11","slug":"dix-ans-apres-lattaque-du-bataclan-a-baden-joss-et-maxim-ont-gueri-mais-on-peut-encore-avoir-des-symptomes-le-telegramme","status":"publish","type":"post","link":"https:\/\/www.europesays.com\/fr\/528464\/","title":{"rendered":"Dix ans apr\u00e8s l\u2019attaque du Bataclan : \u00e0 Baden, Joss et Maxim ont gu\u00e9ri \u00ab mais on peut encore avoir des sympt\u00f4mes &#8211; Le T\u00e9l\u00e9gramme"},"content":{"rendered":"<ol>\n<li><a href=\"https:\/\/news.google.com\/rss\/articles\/CBMi_AFBVV95cUxNQm1lTW1TTXNpUzlBYzZ6R0tCMDZUWl9pbXVGY19ZRlFtS013NUpsdl90emFXZmJ0UDlCdFFiUWJtOFNGZVlHUnQ5LVRRZUl2XzR2Tk9NR2p6ZHotMVg4SHR2b3FSM3JZQWowcmVQSGhpVFhRU2xFNkJNb2NXWEJBQmZENjQ1TldRM1VxUzl2S0oxQ0taWVBpdV9DVWFUbUVUNUlKbjNZNUJLeERiaTZjSG0wVHpzb19wTHdIS2lFZUlGSjNGaF9Jcml0cE43TEFPUEhvV0UzWHEzVXd1Nk84RnNyY3FkQWVsNGtvYktoeWZoYVZrcTJEZW54c2w?oc=5\" target=\"_blank\" rel=\"nofollow noopener\">Dix ans apr\u00e8s l\u2019attaque du Bataclan : \u00e0 Baden, Joss et Maxim ont gu\u00e9ri \u00ab mais on peut encore avoir des sympt\u00f4mes<\/a>&nbsp;&nbsp;Le T\u00e9l\u00e9gramme<\/li>\n<li><a href=\"https:\/\/news.google.com\/rss\/articles\/CBMigAJBVV95cUxQRWVNVktFelhyTzF0NHFyV05zVU5PNnRIcXZxdHR4b0MtNXJNSDlhck1pVGNROFd5cklOdS0tV29mNjV5LWRxNmxNdWFuS1ZXbHVuLVJLUmJ3cFJVaGRnVE5fVTBvQndGUWthWXh1VXpxS1BiTGszUElwS1pRQk9MUGhPaGtZYVJLMmVBa0tvWDZHaTEtejQ5WWtBVW12RzNjS0ItbXc3WEFyT1FRNXN1cjVjM01LN2Y1S2NyTllETGt3WFkyQ0dGd1FqQ01wRUxzX1gyUjNHcE5YMklRSzFnNFJKNVdQZnM2Um9rOFlLVFhpZGdjdUItNHdUS0V3Q0ZD?oc=5\" target=\"_blank\" rel=\"nofollow noopener\">Avant les attentats du 13-Novembre, une course contre la montre et une succession de rendez-vous manqu\u00e9s<\/a>&nbsp;&nbsp;Le Monde.fr<\/li>\n<li><a href=\"https:\/\/news.google.com\/rss\/articles\/CBMingJBVV95cUxNMTV6Sm1DaktsWGcyOGdpY2lVa1ZNNnJ5ZDM4bXJvZlNQZmkwWFlweWxqYjhOeGxIcUhaenpuU1pzR1pqZ3EyZHdicHlfemRNT3Z1LXZaWUI3azhKUkFCS1Q5eEdVWjNMTFBVNlprajZnN1pBME0wZ1FmZnNMc1hNY0hyOWo5UTVZdlRmUy1uT2dnTTRsUzJoa0lvbnFXUzlYT1FhRUk5eG10NC05em5ucXpHWjIwQXNRYnVfYVhEb0hOc3kzM1NIUDN6c2wxY3BTM25YbmRYek8tU2tQNkxyQ1NhUW1lYW1EOERyeGxHR0k0S2FzU1hmQ25VSmdWQ0xyU0NERTFBQUd2R0VTU082bGpQRGtHb2tCZVhhcGp3?oc=5\" target=\"_blank\" rel=\"nofollow noopener\">\u00ab Ma fille m\u2019a sauv\u00e9e \u00bb: Enceinte de trois mois, elle \u00e9tait au concert du Bataclan, le soir des attentats du 13 novembre<\/a>&nbsp;&nbsp;Ouest-France<\/li>\n<li><a href=\"https:\/\/news.google.com\/rss\/articles\/CBMiogFBVV95cUxOaldZVDAyVnNTSjBLNUx2SjZsclpEci1OTG83S0ZTSEVpUUhYZkRKNkVnQXFTbDBQdFlha0M1X2J1TU1RVC0yTWpkLWJsOEtHODdwWDZBWGVYYnd3b3hOX0JTeUNkX0dsMkJVN1YzUEk3d0lrTTlpNzZ0UHVldjlKQjJSNk50SW85SWY3dmtYWmVQQWUyOEItYjJrN3pfRUFGb1E?oc=5\" target=\"_blank\" rel=\"nofollow noopener\">M\u00eame le 13 novembre 2015 divise les Fran\u00e7ais de droite et de gauche<\/a>&nbsp;&nbsp;Marianne<\/li>\n<li><a href=\"https:\/\/news.google.com\/rss\/articles\/CBMirgFBVV95cUxPNTdhcXJoaTR2enpZX01aVXFSTWdnZENPRDZJSFhwT1pDQVdJZWFRcmVtWkpJOHFZUkU3a0k4dUJPa0lGZVdoUWVfaXY5SWpoelBib0dLOGRESDJHSVVZT2pJVWhrMHJSMV82NmhWMkNfcVlfRFJGUTVfZXhINC1NUWlyRm5SNFQtejQ3dFVSa1NPRnllMVlCRGdwNW02ajRxMXo3dU5GOWZTeEF2Umc?oc=5\" target=\"_blank\" rel=\"nofollow noopener\">Le programme des comm\u00e9morations pour les dix ans du 13-Novembre 2015<\/a>&nbsp;&nbsp;20 Minutes<\/li>\n<\/ol>\n","protected":false},"excerpt":{"rendered":"Dix ans apr\u00e8s l\u2019attaque du Bataclan : \u00e0 Baden, Joss et Maxim ont gu\u00e9ri \u00ab mais on peut&hellip;\n","protected":false},"author":2,"featured_media":395849,"comment_status":"","ping_status":"","sticky":false,"template":"","format":"standard","meta":{"footnotes":""},"categories":[2],"tags":[11,1011,27,12],"class_list":{"0":"post-528464","1":"post","2":"type-post","3":"status-publish","4":"format-standard","5":"has-post-thumbnail","7":"category-actualites","8":"tag-actualites","9":"tag-fr","10":"tag-france","11":"tag-news"},"share_on_mastodon":{"url":"https:\/\/pubeurope.com\/@fr\/115534512991464872","error":""},"_links":{"self":[{"href":"https:\/\/www.europesays.com\/fr\/wp-json\/wp\/v2\/posts\/528464","targetHints":{"allow":["GET"]}}],"collection":[{"href":"https:\/\/www.europesays.com\/fr\/wp-json\/wp\/v2\/posts"}],"about":[{"href":"https:\/\/www.europesays.com\/fr\/wp-json\/wp\/v2\/types\/post"}],"author":[{"embeddable":true,"href":"https:\/\/www.europesays.com\/fr\/wp-json\/wp\/v2\/users\/2"}],"replies":[{"embeddable":true,"href":"https:\/\/www.europesays.com\/fr\/wp-json\/wp\/v2\/comments?post=528464"}],"version-history":[{"count":0,"href":"https:\/\/www.europesays.com\/fr\/wp-json\/wp\/v2\/posts\/528464\/revisions"}],"wp:featuredmedia":[{"embeddable":true,"href":"https:\/\/www.europesays.com\/fr\/wp-json\/wp\/v2\/media\/395849"}],"wp:attachment":[{"href":"https:\/\/www.europesays.com\/fr\/wp-json\/wp\/v2\/media?parent=528464"}],"wp:term":[{"taxonomy":"category","embeddable":true,"href":"https:\/\/www.europesays.com\/fr\/wp-json\/wp\/v2\/categories?post=528464"},{"taxonomy":"post_tag","embeddable":true,"href":"https:\/\/www.europesays.com\/fr\/wp-json\/wp\/v2\/tags?post=528464"}],"curies":[{"name":"wp","href":"https:\/\/api.w.org\/{rel}","templated":true}]}}