{"id":528497,"date":"2025-11-12T03:32:20","date_gmt":"2025-11-12T03:32:20","guid":{"rendered":"https:\/\/www.europesays.com\/fr\/528497\/"},"modified":"2025-11-12T03:32:20","modified_gmt":"2025-11-12T03:32:20","slug":"un-episode-meteo-exceptionnel-va-toucher-marseille-cette-semaine-les-previsions","status":"publish","type":"post","link":"https:\/\/www.europesays.com\/fr\/528497\/","title":{"rendered":"Un \u00ab\u00a0\u00e9pisode m\u00e9t\u00e9o exceptionnel\u00a0\u00bb va toucher Marseille cette semaine, les pr\u00e9visions"},"content":{"rendered":"<p>            Par<br \/>\n        <strong><br \/>\n            <a href=\"https:\/\/actu.fr\/auteur\/thibault-nadal-actu-fr\" title=\"Consulter tous les articles de Thibault Nadal\" target=\"_blank\" rel=\"noopener\">Thibault Nadal<\/a><br \/>\n        <\/strong><\/p>\n<p>        Publi\u00e9 le<\/p>\n<p>            11 nov. 2025 \u00e0 6h50        <\/p>\n<p>Il n\u2019est<strong> pas encore temps de remiser vos tenues d\u2019\u00e9t\u00e9 <\/strong>au placard. Depuis quelques jours, <a href=\"https:\/\/actu.fr\/marseille\/\" target=\"_blank\" rel=\"noopener\">Marseille<\/a> et <a href=\"https:\/\/actu.fr\/provence-alpes-cote-d-azur\/bouches-du-rhone_13\" target=\"_blank\" rel=\"noopener\">les Bouches-du-Rh\u00f4ne<\/a> sont travers\u00e9es par une relative douceur en journ\u00e9e, m\u00eame si les matin\u00e9es et les soir\u00e9es se r\u00e9v\u00e8lent fra\u00eeches.<\/p>\n<p class=\" wall-content\">Un beau temps bien parti pour durer encore quelques jours. Voici <a href=\"https:\/\/actu.fr\/marseille\/meteo\" target=\"_blank\" rel=\"noopener\">les pr\u00e9visions<\/a>.<\/p>\n<p>Des normales de saison tr\u00e8s sup\u00e9rieures \u00e0 la moyenne<\/p>\n<p class=\" wall-content\"><strong>Des moyennes \u00e0 18\u00b0C, presque 20\u00b0C en journ\u00e9e<\/strong>. Ce mois de novembre \u2013 hormis <a href=\"https:\/\/actu.fr\/provence-alpes-cote-d-azur\/marseille_13055\/marseille-la-meteo-va-radicalement-changer-une-nouvelle-perturbation-attendue-les-previsions_63395861.html\" target=\"_blank\" rel=\"noopener\">quelques rares \u00e9pisodes de pluie<\/a> \u2013 est encore tr\u00e8s doux pour la saison.<\/p>\n<p class=\" wall-content\">Cela va encore durer plusieurs jours, puisqu\u2019un \u00ab\u2009<strong>\u00e9pisode exceptionnel de douceur<\/strong>\u2009\u00bb est attendu \u00e0 partir de ce mercredi 12 novembre 2025, fait savoir Paul Marquis, fondateur de <a href=\"https:\/\/www.facebook.com\/lameteodu13\/?locale=fr_FR\" target=\"_blank\" rel=\"noopener\">La M\u00e9t\u00e9o du 13<\/a>.<\/p>\n<p class=\" wall-content\">Selon ses pr\u00e9visions, il fera entre 13\u00b0C et 14\u00b0C le matin et<strong> 19 \u00e0 20\u00b0C l\u2019apr\u00e8s-midi<\/strong> avec des pics \u00e0 21\u00b0C ce samedi et dimanche. \u00ab\u2009Une douceur totalement hors saison\u2009\u00bb, pour l\u2019expert m\u00e9t\u00e9o, joint par actu Marseille.<\/p>\n<p class=\" wall-content\">\n<p class=\" wall-content\">Avec ces chiffres, les moyennes sont donc logiquement au-dessus des normales de saison, <strong>\u00ab\u2009entre 5 et 7\u00b0C\u2009de plus \u00bb<\/strong>, selon Paul Marquis.<\/p>\n<p>\u00ab\u2009Un net rafra\u00eechissement\u2009\u00bb pour la fin du mois\u2009?<\/p>\n<p class=\" wall-content\">Ce dernier n\u2019h\u00e9site donc pas \u00e0 parler de temp\u00e9ratures \u00ab\u2009remarquables\u2009\u00bb pour la saison. \u00ab\u2009<strong>Ce mois de novembre affiche d\u00e9j\u00e0 une anomalie de +\u00a03,35\u00b0C<\/strong> par rapport aux moyennes sur la station de Marignane, pla\u00e7ant ce mois de novembre\u00a02025 en t\u00eate des mois de novembre les plus doux depuis au moins 110\u00a0ans\u2009\u00bb, explique le m\u00e9t\u00e9orologue ind\u00e9pendant.<\/p>\n<p>Votre r\u00e9gion, votre actu !<\/p>\n<p>Recevez chaque jour les infos qui comptent pour vous.<\/p>\n<p>\t<a href=\"https:\/\/actu.fr\/newsletter\" class=\"ac-btn ac-btn--corner ac-btn--medium ac-btn--blue800\" target=\"_blank\" rel=\"noopener\">S&rsquo;incrire<\/a><\/p>\n<p class=\" wall-content\">Mais difficile de pr\u00e9dire si des records vont \u00eatre battus, puisque la m\u00e9t\u00e9o risque de radicalement changer d\u00e8s la semaine prochaine. \u00ab\u2009Un net rafra\u00eechissement est <strong>envisag\u00e9 sous le mistral<\/strong>\u2009\u00bb, estime Paul Marquis, dont les pr\u00e9visions doivent encore \u00eatre affin\u00e9es.<\/p>\n<p class=\" wall-content\">Personnalisez votre actualit\u00e9 en ajoutant vos villes et m\u00e9dias en favori avec <a href=\"https:\/\/moncompte.actu.fr\" title=\"D\u00e9couvez Mon Actu\" rel=\"nofollow noopener\" data-trk=\"{&quot;cta&quot;:{&quot;action&quot;:&quot;https:\\\/\\\/moncompte.actu.fr&quot;,&quot;category&quot;:&quot;mon compte&quot;,&quot;from&quot;:&quot;article footer&quot;,&quot;name&quot;:&quot;Mon actu&quot;,&quot;type&quot;:&quot;cta&quot;}}\" target=\"_blank\">Mon Actu<\/a>.<\/p>\n","protected":false},"excerpt":{"rendered":"Par Thibault Nadal Publi\u00e9 le 11 nov. 2025 \u00e0 6h50 Il n\u2019est pas encore temps de remiser vos&hellip;\n","protected":false},"author":2,"featured_media":76676,"comment_status":"","ping_status":"","sticky":false,"template":"","format":"standard","meta":{"footnotes":""},"categories":[2814],"tags":[1111,11,1777,674,1011,27,884,2487,2357,12,882,25],"class_list":{"0":"post-528497","1":"post","2":"type-post","3":"status-publish","4":"format-standard","5":"has-post-thumbnail","7":"category-marseille","8":"tag-actu","9":"tag-actualites","10":"tag-eu","11":"tag-europe","12":"tag-fr","13":"tag-france","14":"tag-marseille","15":"tag-meteo","16":"tag-meteo-france","17":"tag-news","18":"tag-provence-alpes-cote-dazur","19":"tag-republique-francaise"},"share_on_mastodon":{"url":"https:\/\/pubeurope.com\/@fr\/115534623107796202","error":""},"_links":{"self":[{"href":"https:\/\/www.europesays.com\/fr\/wp-json\/wp\/v2\/posts\/528497","targetHints":{"allow":["GET"]}}],"collection":[{"href":"https:\/\/www.europesays.com\/fr\/wp-json\/wp\/v2\/posts"}],"about":[{"href":"https:\/\/www.europesays.com\/fr\/wp-json\/wp\/v2\/types\/post"}],"author":[{"embeddable":true,"href":"https:\/\/www.europesays.com\/fr\/wp-json\/wp\/v2\/users\/2"}],"replies":[{"embeddable":true,"href":"https:\/\/www.europesays.com\/fr\/wp-json\/wp\/v2\/comments?post=528497"}],"version-history":[{"count":0,"href":"https:\/\/www.europesays.com\/fr\/wp-json\/wp\/v2\/posts\/528497\/revisions"}],"wp:featuredmedia":[{"embeddable":true,"href":"https:\/\/www.europesays.com\/fr\/wp-json\/wp\/v2\/media\/76676"}],"wp:attachment":[{"href":"https:\/\/www.europesays.com\/fr\/wp-json\/wp\/v2\/media?parent=528497"}],"wp:term":[{"taxonomy":"category","embeddable":true,"href":"https:\/\/www.europesays.com\/fr\/wp-json\/wp\/v2\/categories?post=528497"},{"taxonomy":"post_tag","embeddable":true,"href":"https:\/\/www.europesays.com\/fr\/wp-json\/wp\/v2\/tags?post=528497"}],"curies":[{"name":"wp","href":"https:\/\/api.w.org\/{rel}","templated":true}]}}