{"id":528514,"date":"2025-11-12T03:46:49","date_gmt":"2025-11-12T03:46:49","guid":{"rendered":"https:\/\/www.europesays.com\/fr\/528514\/"},"modified":"2025-11-12T03:46:49","modified_gmt":"2025-11-12T03:46:49","slug":"accusee-despionnage-prorusse-lextreme-droite-allemande-embarrassee-par-un-voyage-en-russie","status":"publish","type":"post","link":"https:\/\/www.europesays.com\/fr\/528514\/","title":{"rendered":"Accus\u00e9e d\u2019espionnage prorusse, l\u2019extr\u00eame droite allemande embarrass\u00e9e par un voyage en Russie"},"content":{"rendered":"<p>Ces derniers jours, des m\u00e9dias allemands ont \u00e9bruit\u00e9 les pr\u00e9paratifs de ce voyage d\u2019\u00e9lus, dont deux d\u00e9put\u00e9s, en marge d\u2019une conf\u00e9rence des pays des Brics en fin de semaine \u00e0 Sotchi, ville de la mer Noire. \u00ab\u00a0Pour \u00eatre tout \u00e0 fait claire, je ne comprends pas ce qu\u2019on est cens\u00e9 faire l\u00e0-bas\u00a0\u00bb, a d\u00e9clar\u00e9 lors d\u2019un point-presse au Bundestag Alice Weidel, fustigeant une d\u00e9cision du \u00ab\u00a0groupe de travail sur les affaires \u00e9trang\u00e8res\u00a0\u00bb de son propre groupe parlementaire.<\/p>\n<p>Un voyage qui s\u00e8me la discorde<\/p>\n<p>Des deux d\u00e9put\u00e9s initialement pr\u00e9vus, \u00ab\u00a0un seul\u00a0\u00bb, Steffen Kotr\u00e9, \u00ab\u00a0se rendra \u00e0 Sotchi\u00a0\u00bb, a-t-elle annonc\u00e9. \u00ab\u00a0Personnellement, je ne me rendrais pas l\u00e0-bas. Je ne le recommande \u00e0 personne non plus, car je ne sais pas quel sera le r\u00e9sultat final. C\u2019est pourquoi il n\u2019y a plus qu\u2019une seule personne qui y va\u00a0\u00bb, a-t-elle encore dit.<\/p>\n<p>Interrog\u00e9e sur l\u2019interdiction faite aux repr\u00e9sentants de l\u2019AfD de rencontrer l\u2019ancien pr\u00e9sident russe Dmitri Medvedev &#8211; actuel vice-pr\u00e9sident du Conseil de s\u00e9curit\u00e9 de son pays -, Alice Weidel s\u2019est dite \u00ab\u00a0heureuse\u00a0\u00bb que le m\u00eame groupe de travail ait \u00ab\u00a0r\u00e9examin\u00e9 la question\u00a0\u00bb. Dmitri Medvedev tient des discours particuli\u00e8rement agressifs et virulents \u00e0 l\u2019\u00e9gard de l\u2019Ukraine et de l\u2019Occident.<\/p>\n<p>L\u2019AfD devrait prochainement r\u00e9examiner ses proc\u00e9dures d\u2019autorisation des voyages de ses repr\u00e9sentants \u00e0 l\u2019\u00e9tranger, a affirm\u00e9 Alice Weidel\u00a0: \u00ab\u00a0nous ne pouvons pas continuer ainsi\u00a0\u00bb.<\/p>\n<p>Cette pol\u00e9mique intervient alors que, ces derni\u00e8res semaines, les parlementaires d\u2019autres partis avaient accus\u00e9 l\u2019AfD de se servir de son droit de questions parlementaires, au niveau r\u00e9gional et national, pour r\u00e9colter des informations sensibles afin de les transmettre \u00e0 Moscou, des all\u00e9gations que le parti rejette.<\/p>\n","protected":false},"excerpt":{"rendered":"Ces derniers jours, des m\u00e9dias allemands ont \u00e9bruit\u00e9 les pr\u00e9paratifs de ce voyage d\u2019\u00e9lus, dont deux d\u00e9put\u00e9s, en&hellip;\n","protected":false},"author":2,"featured_media":528515,"comment_status":"","ping_status":"","sticky":false,"template":"","format":"standard","meta":{"footnotes":""},"categories":[1591],"tags":[11,1887,12,1885,1886,132],"class_list":{"0":"post-528514","1":"post","2":"type-post","3":"status-publish","4":"format-standard","5":"has-post-thumbnail","7":"category-russie","8":"tag-actualites","9":"tag-federation-de-russie","10":"tag-news","11":"tag-russia","12":"tag-russian-federation","13":"tag-russie"},"share_on_mastodon":{"url":"https:\/\/pubeurope.com\/@fr\/115534682131029038","error":""},"_links":{"self":[{"href":"https:\/\/www.europesays.com\/fr\/wp-json\/wp\/v2\/posts\/528514","targetHints":{"allow":["GET"]}}],"collection":[{"href":"https:\/\/www.europesays.com\/fr\/wp-json\/wp\/v2\/posts"}],"about":[{"href":"https:\/\/www.europesays.com\/fr\/wp-json\/wp\/v2\/types\/post"}],"author":[{"embeddable":true,"href":"https:\/\/www.europesays.com\/fr\/wp-json\/wp\/v2\/users\/2"}],"replies":[{"embeddable":true,"href":"https:\/\/www.europesays.com\/fr\/wp-json\/wp\/v2\/comments?post=528514"}],"version-history":[{"count":0,"href":"https:\/\/www.europesays.com\/fr\/wp-json\/wp\/v2\/posts\/528514\/revisions"}],"wp:featuredmedia":[{"embeddable":true,"href":"https:\/\/www.europesays.com\/fr\/wp-json\/wp\/v2\/media\/528515"}],"wp:attachment":[{"href":"https:\/\/www.europesays.com\/fr\/wp-json\/wp\/v2\/media?parent=528514"}],"wp:term":[{"taxonomy":"category","embeddable":true,"href":"https:\/\/www.europesays.com\/fr\/wp-json\/wp\/v2\/categories?post=528514"},{"taxonomy":"post_tag","embeddable":true,"href":"https:\/\/www.europesays.com\/fr\/wp-json\/wp\/v2\/tags?post=528514"}],"curies":[{"name":"wp","href":"https:\/\/api.w.org\/{rel}","templated":true}]}}