{"id":528518,"date":"2025-11-12T03:50:25","date_gmt":"2025-11-12T03:50:25","guid":{"rendered":"https:\/\/www.europesays.com\/fr\/528518\/"},"modified":"2025-11-12T03:50:25","modified_gmt":"2025-11-12T03:50:25","slug":"aux-etats-unis-linvestiture-dune-elue-democrate-au-congres-ouvre-la-voie-a-un-vote-sur-la-publication-des-dossiers-epstein","status":"publish","type":"post","link":"https:\/\/www.europesays.com\/fr\/528518\/","title":{"rendered":"Aux \u00c9tats-Unis\u00a0: l\u2019investiture d\u2019une \u00e9lue d\u00e9mocrate au Congr\u00e8s ouvre la voie \u00e0 un vote sur la publication des dossiers Epstein"},"content":{"rendered":"<p class=\"paragraph text_align_left lp-f-body-02\">La d\u00e9mocrate Adelita Grijalva va \u00eatre investie mercredi au Congr\u00e8s <a href=\"https:\/\/www.leparisien.fr\/international\/etats-unis\/\" target=\"_blank\" rel=\"noreferrer noopener\">am\u00e9ricain<\/a>, a annonc\u00e9 le chef r\u00e9publicain Mike Johnson, qui \u00e9tait accus\u00e9 par l\u2019opposition d\u2019avoir retard\u00e9 pendant plus d\u2019un mois et demi cette prestation de serment afin d\u2019\u00e9viter un vote sur <a href=\"https:\/\/www.leparisien.fr\/faits-divers\/je-suis-beaucoup-plus-heureuse-ici-des-courriels-de-ghislaine-maxwell-la-complice-depstein-sur-sa-nouvelle-prison-reveles-09-11-2025-CNX6LRED6JEOTCO7RMBG6RFO34.php\" target=\"_blank\" rel=\"noreferrer noopener\">l\u2019affaire Epstein<\/a>.<\/p>\n<p class=\"paragraph text_align_left lp-f-body-02\">La c\u00e9r\u00e9monie aura lieu \u00e0 16h00 (22h00 en France) au Capitole de Washington, a indiqu\u00e9 dans un communiqu\u00e9 mardi Mike Johnson, pr\u00e9sident de la Chambre des repr\u00e9sentants, soit quelques heures avant un vote attendu pour lever la paralysie budg\u00e9taire en cours aux \u00c9tats-Unis. Adelita Grijalva deviendra alors la 214e \u00e9lue d\u00e9mocrate dans l\u2019h\u00e9micycle, contre 219 r\u00e9publicains.<\/p>\n<p class=\"paragraph text_align_left lp-f-body-02\">Elle devrait devenir la derni\u00e8re signature n\u00e9cessaire d\u2019une p\u00e9tition qui, en vertu des r\u00e8gles de la Chambre, forcerait un vote sur un texte visant \u00e0 contraindre l\u2019administration Trump de publier les dossiers en sa possession sur Jeffrey Epstein.<\/p>\n<p class=\"paragraph text_align_left lp-f-body-02\">L\u2019affaire Epstein, du nom de ce financier new-yorkais mort en prison en 2019 avant son proc\u00e8s pour crimes sexuels, enflamme les \u00c9tats-Unis depuis que le gouvernement de <a href=\"https:\/\/www.leparisien.fr\/international\/etats-unis\/donald-trump\/\" target=\"_blank\" rel=\"noreferrer noopener\">Donald Trump<\/a> a annonc\u00e9 d\u00e9but juillet n\u2019avoir d\u00e9couvert aucun \u00e9l\u00e9ment nouveau justifiant la publication de documents suppl\u00e9mentaires dans ce dossier.<\/p>\n<p>\u00ab Un programme de protection des p\u00e9dophiles \u00bb<\/p>\n<p class=\"paragraph text_align_left lp-f-body-02\">Adelita Grijalva avait annonc\u00e9 apr\u00e8s son \u00e9lection \u00e0 une l\u00e9gislative partielle le 23 septembre que sa premi\u00e8re d\u00e9cision une fois investie serait de signer cette p\u00e9tition, soutenue \u00e9galement par quatre \u00e9lus r\u00e9publicains.<\/p>\n<p class=\"paragraph text_align_left lp-f-body-02\">Mike Johnson a expliqu\u00e9 ne pas avoir fait pr\u00eater serment \u00e0 l\u2019\u00e9lue de l\u2019Arizona plus t\u00f4t en raison de la paralysie budg\u00e9taire. Celle-ci l\u2019a pouss\u00e9 selon lui \u00e0 d\u00e9cr\u00e9ter la Chambre en vacances parlementaires tant que le S\u00e9nat n\u2019aurait pas d\u00e9bloqu\u00e9 la situation, chose faite depuis lundi.<\/p>\n<p class=\"paragraph text_align_left lp-f-body-02\">Il s\u2019oppose en outre \u00e0 la p\u00e9tition, disant pr\u00e9f\u00e9rer soutenir les initiatives du gouvernement pour faire la lumi\u00e8re sur l\u2019affaire. Mais avec 218 signatures, il ne pourrait plus s\u2019opposer \u00e0 la tenue d\u2019un vote. Ce qui explique selon le chef de la minorit\u00e9 d\u00e9mocrate, Hakeem Jeffries, ce retard.<\/p>\n<p class=\"paragraph text_align_left lp-f-body-02\">\u00ab Les r\u00e9publicains dirigent un programme de protection de p\u00e9dophiles, ils cachent volontairement les documents sur Jeffrey Epstein \u00bb, a-t-il lanc\u00e9 lors d\u2019une conf\u00e9rence de presse mardi. La mort, par suicide selon les autorit\u00e9s, de Jeffrey Epstein a aliment\u00e9 d\u2019innombrables th\u00e9ories du complot, selon lesquelles il aurait \u00e9t\u00e9 assassin\u00e9 pour l\u2019emp\u00eacher d\u2019impliquer des personnalit\u00e9s de premier plan.<\/p>\n<p class=\"paragraph text_align_left lp-f-body-02\">Apr\u00e8s avoir promis \u00e0 ses partisans pendant sa campagne pr\u00e9sidentielle des r\u00e9v\u00e9lations fracassantes, Donald Trump tente aujourd\u2019hui d\u2019\u00e9teindre la pol\u00e9mique, qu\u2019il a qualifi\u00e9e \u00e0 plusieurs reprises de \u00ab canular \u00bb mont\u00e9 par l\u2019opposition d\u00e9mocrate.<\/p>\n","protected":false},"excerpt":{"rendered":"La d\u00e9mocrate Adelita Grijalva va \u00eatre investie mercredi au Congr\u00e8s am\u00e9ricain, a annonc\u00e9 le chef r\u00e9publicain Mike Johnson,&hellip;\n","protected":false},"author":2,"featured_media":528519,"comment_status":"","ping_status":"","sticky":false,"template":"","format":"standard","meta":{"footnotes":""},"categories":[1589],"tags":[11,73,1866,14,12,1864,1865,1863,308],"class_list":{"0":"post-528518","1":"post","2":"type-post","3":"status-publish","4":"format-standard","5":"has-post-thumbnail","7":"category-etats-unis","8":"tag-actualites","9":"tag-etats-unis","10":"tag-etats-unis-damerique","11":"tag-international","12":"tag-news","13":"tag-united-states","14":"tag-united-states-of-america","15":"tag-us","16":"tag-usa"},"share_on_mastodon":{"url":"https:\/\/pubeurope.com\/@fr\/115534693901461289","error":""},"_links":{"self":[{"href":"https:\/\/www.europesays.com\/fr\/wp-json\/wp\/v2\/posts\/528518","targetHints":{"allow":["GET"]}}],"collection":[{"href":"https:\/\/www.europesays.com\/fr\/wp-json\/wp\/v2\/posts"}],"about":[{"href":"https:\/\/www.europesays.com\/fr\/wp-json\/wp\/v2\/types\/post"}],"author":[{"embeddable":true,"href":"https:\/\/www.europesays.com\/fr\/wp-json\/wp\/v2\/users\/2"}],"replies":[{"embeddable":true,"href":"https:\/\/www.europesays.com\/fr\/wp-json\/wp\/v2\/comments?post=528518"}],"version-history":[{"count":0,"href":"https:\/\/www.europesays.com\/fr\/wp-json\/wp\/v2\/posts\/528518\/revisions"}],"wp:featuredmedia":[{"embeddable":true,"href":"https:\/\/www.europesays.com\/fr\/wp-json\/wp\/v2\/media\/528519"}],"wp:attachment":[{"href":"https:\/\/www.europesays.com\/fr\/wp-json\/wp\/v2\/media?parent=528518"}],"wp:term":[{"taxonomy":"category","embeddable":true,"href":"https:\/\/www.europesays.com\/fr\/wp-json\/wp\/v2\/categories?post=528518"},{"taxonomy":"post_tag","embeddable":true,"href":"https:\/\/www.europesays.com\/fr\/wp-json\/wp\/v2\/tags?post=528518"}],"curies":[{"name":"wp","href":"https:\/\/api.w.org\/{rel}","templated":true}]}}