{"id":528522,"date":"2025-11-12T03:54:25","date_gmt":"2025-11-12T03:54:25","guid":{"rendered":"https:\/\/www.europesays.com\/fr\/528522\/"},"modified":"2025-11-12T03:54:25","modified_gmt":"2025-11-12T03:54:25","slug":"allemagne-google-annonce-son-plus-grand-plan-dinvestissement-55-milliards-dici-2029","status":"publish","type":"post","link":"https:\/\/www.europesays.com\/fr\/528522\/","title":{"rendered":"Allemagne\u00a0: Google annonce son plus grand plan d\u2019investissement, 5,5\u00a0milliards d\u2019ici 2029"},"content":{"rendered":"<p>Apr\u00e8s l\u2019annonce de la construction d\u2019une \u00ab\u00a0usine d\u2019IA souveraine\u00a0\u00bb par Deutsche Telekom et l\u2019am\u00e9ricain Nvidia la semaine pr\u00e9c\u00e9dente, c\u2019est un nouvel investissement massif dans une \u00e9conomie allemande\u00a0\u00e0 la tra\u00eene dans le num\u00e9rique. \u00ab\u00a0Ce sont des investissements dans les emplois du futur\u00a0\u00bb et \u00ab\u00a0un signal tr\u00e8s important pour montrer que l\u2019Allemagne est un lieu de haute technologie\u00a0\u00bb, a d\u00e9clar\u00e9 le ministre des finances. Celle-ci se tenait \u00e0 Berlin, \u00e0 la repr\u00e9sentation du Land de Hesse, o\u00f9 Google est implant\u00e9 (\u00e0 Francfort) et o\u00f9 se trouve le tissu de centres de donn\u00e9es le plus grand d\u2019Allemagne. Google veut construire un 2e centre de donn\u00e9es pour l\u2019infrastructure cloud dans cette m\u00eame r\u00e9gion, qui sera partiellement mis en service au deuxi\u00e8me trimestre\u00a02027. Il veut \u00e9galement agrandir le premier centre inaugur\u00e9 en\u00a02023 \u00e0 Hanau, dans la banlieue de Francfort. Le g\u00e9ant du num\u00e9rique pr\u00e9voit aussi l\u2019agrandissement de trois de ses quatre\u00a0sites en Allemagne\u00a0: Francfort, Berlin et Munich, o\u00f9 Google poss\u00e8de plus des deux tiers de ses 2500 employ\u00e9s dans le pays.<\/p>\n","protected":false},"excerpt":{"rendered":"Apr\u00e8s l\u2019annonce de la construction d\u2019une \u00ab\u00a0usine d\u2019IA souveraine\u00a0\u00bb par Deutsche Telekom et l\u2019am\u00e9ricain Nvidia la semaine pr\u00e9c\u00e9dente,&hellip;\n","protected":false},"author":2,"featured_media":528523,"comment_status":"","ping_status":"","sticky":false,"template":"","format":"standard","meta":{"footnotes":""},"categories":[1587],"tags":[11,672,1804,1805,1803,1777,674,1801,12,1802],"class_list":{"0":"post-528522","1":"post","2":"type-post","3":"status-publish","4":"format-standard","5":"has-post-thumbnail","7":"category-allemagne","8":"tag-actualites","9":"tag-allemagne","10":"tag-bundesrepublik-deutschland","11":"tag-de","12":"tag-deutschland","13":"tag-eu","14":"tag-europe","15":"tag-germany","16":"tag-news","17":"tag-republique-federale-dallemagne"},"share_on_mastodon":{"url":"https:\/\/pubeurope.com\/@fr\/115534709608613188","error":""},"_links":{"self":[{"href":"https:\/\/www.europesays.com\/fr\/wp-json\/wp\/v2\/posts\/528522","targetHints":{"allow":["GET"]}}],"collection":[{"href":"https:\/\/www.europesays.com\/fr\/wp-json\/wp\/v2\/posts"}],"about":[{"href":"https:\/\/www.europesays.com\/fr\/wp-json\/wp\/v2\/types\/post"}],"author":[{"embeddable":true,"href":"https:\/\/www.europesays.com\/fr\/wp-json\/wp\/v2\/users\/2"}],"replies":[{"embeddable":true,"href":"https:\/\/www.europesays.com\/fr\/wp-json\/wp\/v2\/comments?post=528522"}],"version-history":[{"count":0,"href":"https:\/\/www.europesays.com\/fr\/wp-json\/wp\/v2\/posts\/528522\/revisions"}],"wp:featuredmedia":[{"embeddable":true,"href":"https:\/\/www.europesays.com\/fr\/wp-json\/wp\/v2\/media\/528523"}],"wp:attachment":[{"href":"https:\/\/www.europesays.com\/fr\/wp-json\/wp\/v2\/media?parent=528522"}],"wp:term":[{"taxonomy":"category","embeddable":true,"href":"https:\/\/www.europesays.com\/fr\/wp-json\/wp\/v2\/categories?post=528522"},{"taxonomy":"post_tag","embeddable":true,"href":"https:\/\/www.europesays.com\/fr\/wp-json\/wp\/v2\/tags?post=528522"}],"curies":[{"name":"wp","href":"https:\/\/api.w.org\/{rel}","templated":true}]}}