{"id":528530,"date":"2025-11-12T03:58:16","date_gmt":"2025-11-12T03:58:16","guid":{"rendered":"https:\/\/www.europesays.com\/fr\/528530\/"},"modified":"2025-11-12T03:58:16","modified_gmt":"2025-11-12T03:58:16","slug":"psg-2-3-le-deuxieme-but-parisien-aurait-du-etre-annule","status":"publish","type":"post","link":"https:\/\/www.europesays.com\/fr\/528530\/","title":{"rendered":"PSG (2-3) : le deuxi\u00e8me but parisien aurait d\u00fb \u00eatre annul\u00e9"},"content":{"rendered":"<p>                            <img width=\"770\" height=\"433\" src=\"https:\/\/www.europesays.com\/fr\/wp-content\/uploads\/2025\/11\/AFP__20251110__DPPI_40025085_040__v1__HighRes__FootballFrenchChampLyonVParisSg-770x433.jpg\" class=\"attachment-article size-article wp-post-image\" alt=\"Tanner Tessmann lors d'OL - PSG\" decoding=\"async\" fetchpriority=\"high\"  \/><\/p>\n<p>Tanner Tessmann lors d\u2019OL \u2013 PSG (Photo by Jean Catuffe \/ DPPI via AFP)<\/p>\n<p>Alors qu\u2019Amaury Delerue estimait que Benoit Bastien n\u2019\u00e9tait pas oblig\u00e9 de siffler faute sur le deuxi\u00e8me but du PSG, l\u2019analyse de la Direction de l\u2019arbitrage va dans le sens contraire. L\u2019OL aurait d\u00fb obtenir un coup-franc sur la faute de Vitinha sur Tanner Tessmann.<\/p>\n<p>C&rsquo;est une situation assez lunaire jusqu&rsquo;au bout. Le deuxi\u00e8me but du PSG contre l&rsquo;OL a assez fait parler depuis quarante-huit heures et la communication de la Direction technique de l&rsquo;arbitrage ce mardi soir ne risque pas de faire retomber les discussions. Dans son traditionnel d\u00e9briefing hebdomadaire, la DTA est revenue sur les diff\u00e9rentes situations litigieuses d&rsquo;OL &#8211; PSG (2-3) dimanche soir. Si le contact entre Lee et <strong>Tagliafico<\/strong> a \u00e9t\u00e9 laiss\u00e9 de c\u00f4t\u00e9, la main de Zabarnyi et la faute de <strong>Vitinha<\/strong> sur Tessmann ont bien \u00e9t\u00e9 d\u00e9crypt\u00e9es. Vingt-quatre heures apr\u00e8s la prise de parole d&rsquo;Amaury Delerue chez nos confr\u00e8res de L&rsquo;\u00c9quipe.<\/p>\n<p>\u00ab\u00a0Le contact peut expliquer la chute du joueur lyonnais\u00a0\u00bb<\/p>\n<p>Aussi fou que cela puisse paraitre, deux sons de cloche existent donc au sein d&rsquo;une m\u00eame instance. Lundi, le patron des arbitres de Ligue 1 avait annonc\u00e9 une zone grise sur l&rsquo;action du deuxi\u00e8me but parisien, laissant ainsi le choix \u00e0 Benoit Bastien de siffler ou non une faute. Ce mardi, la version de la DTA a \u00e9t\u00e9 bien diff\u00e9rente. Comme l&rsquo;avaient r\u00e9clam\u00e9 les joueurs et la direction de l&rsquo;OL, le but de <strong>Kvaratskhelia<\/strong> aurait d\u00fb \u00eatre annul\u00e9.<\/p>\n<p>\u00ab\u00a0L&rsquo;analyse de cette situation est plut\u00f4t complexe dans la mesure o\u00f9 elle pr\u00e9sente diff\u00e9rents crit\u00e8res d&rsquo;interpr\u00e9tation relevant d&rsquo;une \u00ab\u00a0zone grise\u00a0\u00bb. Cependant, consid\u00e9rant le contact de la jambe droite du joueur parisien sur l&rsquo;arri\u00e8re de la jambe d&rsquo;appui du joueur lyonnais tr\u00e8s l\u00e9g\u00e8rement ant\u00e9rieur \u00e0 la d\u00e9viation du ballon, ce contact pouvant expliquer la chute du joueur lyonnais, la d\u00e9cision technique prioris\u00e9e par la Direction de l\u2019Arbitrage est l&rsquo;annulation du but et la reprise du jeu par un coup franc direct en faveur de l&rsquo;\u00e9quipe lyonnaise.\u00a0\u00bb<\/p>\n<p>S&rsquo;estimant l\u00e9s\u00e9s dimanche soir, les Lyonnais peuvent avoir des regrets, m\u00eame si rien n&rsquo;excuse la lenteur de <strong>Tessmann<\/strong> ou l&rsquo;absence de marquage sur le troisi\u00e8me but du PSG.<\/p>\n<\/p>\n<p>\t\t\t\t\t<a href=\"https:\/\/www.olympique-et-lyonnais.com\/lol-lyonnes-ne-fait-quune-bouchee-de-wolfsburg-3-1,384552.html\" title=\"L\u2019OL Lyonnes ne fait qu\u2019une bouch\u00e9e de Wolfsburg (3-1)\" target=\"_blank\" rel=\"noopener\"><img loading=\"lazy\" width=\"580\" height=\"326\" src=\"https:\/\/www.europesays.com\/fr\/wp-content\/uploads\/2025\/11\/AFP__20251111__2246233936__v2__HighRes__OlLyonnesVVflWolfsburgUefaWomenSChampionsLea-580x326.jpg\" class=\"attachment-actularge size-actularge wp-post-image\" alt=\"Les joueuses de l'OL Lyonnes f\u00e9licitent Ada Hegerberg contre Wolfsburg\" decoding=\"async\"  \/>\t\t\t\t\t<\/a><\/p>\n","protected":false},"excerpt":{"rendered":"Tanner Tessmann lors d\u2019OL \u2013 PSG (Photo by Jean Catuffe \/ DPPI via AFP) Alors qu\u2019Amaury Delerue estimait&hellip;\n","protected":false},"author":2,"featured_media":528531,"comment_status":"","ping_status":"","sticky":false,"template":"","format":"standard","meta":{"footnotes":""},"categories":[2],"tags":[11,1011,27,66,12,241,978,93,25],"class_list":{"0":"post-528530","1":"post","2":"type-post","3":"status-publish","4":"format-standard","5":"has-post-thumbnail","7":"category-actualites","8":"tag-actualites","9":"tag-fr","10":"tag-france","11":"tag-ligue-1","12":"tag-news","13":"tag-ol","14":"tag-olympique-lyonnais","15":"tag-psg","16":"tag-republique-francaise"},"share_on_mastodon":{"url":"https:\/\/pubeurope.com\/@fr\/115534727381442645","error":""},"_links":{"self":[{"href":"https:\/\/www.europesays.com\/fr\/wp-json\/wp\/v2\/posts\/528530","targetHints":{"allow":["GET"]}}],"collection":[{"href":"https:\/\/www.europesays.com\/fr\/wp-json\/wp\/v2\/posts"}],"about":[{"href":"https:\/\/www.europesays.com\/fr\/wp-json\/wp\/v2\/types\/post"}],"author":[{"embeddable":true,"href":"https:\/\/www.europesays.com\/fr\/wp-json\/wp\/v2\/users\/2"}],"replies":[{"embeddable":true,"href":"https:\/\/www.europesays.com\/fr\/wp-json\/wp\/v2\/comments?post=528530"}],"version-history":[{"count":0,"href":"https:\/\/www.europesays.com\/fr\/wp-json\/wp\/v2\/posts\/528530\/revisions"}],"wp:featuredmedia":[{"embeddable":true,"href":"https:\/\/www.europesays.com\/fr\/wp-json\/wp\/v2\/media\/528531"}],"wp:attachment":[{"href":"https:\/\/www.europesays.com\/fr\/wp-json\/wp\/v2\/media?parent=528530"}],"wp:term":[{"taxonomy":"category","embeddable":true,"href":"https:\/\/www.europesays.com\/fr\/wp-json\/wp\/v2\/categories?post=528530"},{"taxonomy":"post_tag","embeddable":true,"href":"https:\/\/www.europesays.com\/fr\/wp-json\/wp\/v2\/tags?post=528530"}],"curies":[{"name":"wp","href":"https:\/\/api.w.org\/{rel}","templated":true}]}}