{"id":528536,"date":"2025-11-12T04:03:16","date_gmt":"2025-11-12T04:03:16","guid":{"rendered":"https:\/\/www.europesays.com\/fr\/528536\/"},"modified":"2025-11-12T04:03:16","modified_gmt":"2025-11-12T04:03:16","slug":"conchita-martinez-a-insiste-en-milieu-de-saison-pour-que-mirra-arrete-le-double","status":"publish","type":"post","link":"https:\/\/www.europesays.com\/fr\/528536\/","title":{"rendered":"\u00ab Conchita Martinez a insist\u00e9 en milieu de saison pour que Mirra arr\u00eate le double \u00bb"},"content":{"rendered":"<p>                <img decoding=\"async\" src=\"https:\/\/www.europesays.com\/fr\/wp-content\/uploads\/2025\/11\/hc24.jpg\" fetchpriority=\"high\" alt=\"Dementieva : \u00ab Conchita Martinez a insist\u00e9 en milieu de saison pour que Mirra arr\u00eate le double \u00bb\"\/><\/p>\n<p>Elena Dementieva, 3e mondiale en 2009, s\u2019est exprim\u00e9e sur sa compatriote Mirra Andreeva, qui a r\u00e9alis\u00e9 une fin de saison non conforme \u00e0 ses esp\u00e9rances.<\/p>\n<p><strong>La Russe a perdu ses trois matchs de groupe en double aux WTA Finals et a manqu\u00e9 la qualification en simple.<\/strong><\/p>\n<p>Elle a d\u00e9clar\u00e9 : \u00ab Conchita Martinez a insist\u00e9 en milieu de saison pour que Mirra arr\u00eate le double, fasse l&rsquo;impasse sur certains tournois et se concentre sur le simple.<\/p>\n<p>C&rsquo;\u00e9tait sa premi\u00e8re saison, avec une charge de travail importante, et elle n&rsquo;a probablement pas pu influencer la d\u00e9cision de Mirra.<\/p>\n<p>Mais, comme elle l&rsquo;a dit, c&rsquo;est difficile de devoir se retirer du double. Parfois, cela aide vraiment : cela permet de retrouver ses rep\u00e8res et de se r\u00e9habituer \u00e0 la surface. Parfois, c&rsquo;est une grande consolation apr\u00e8s une \u00e9limination pr\u00e9coce en simple.<\/p>\n<p>C&rsquo;est une d\u00e9cision tr\u00e8s difficile, on ne sait jamais jusqu&rsquo;o\u00f9 on ira, et miser uniquement sur le simple est tr\u00e8s difficile et risqu\u00e9. \u00bb<\/p>\n","protected":false},"excerpt":{"rendered":"Elena Dementieva, 3e mondiale en 2009, s\u2019est exprim\u00e9e sur sa compatriote Mirra Andreeva, qui a r\u00e9alis\u00e9 une fin&hellip;\n","protected":false},"author":2,"featured_media":528537,"comment_status":"","ping_status":"","sticky":false,"template":"","format":"standard","meta":{"footnotes":""},"categories":[1415],"tags":[1011,27,60,1467],"class_list":{"0":"post-528536","1":"post","2":"type-post","3":"status-publish","4":"format-standard","5":"has-post-thumbnail","7":"category-tennis","8":"tag-fr","9":"tag-france","10":"tag-sports","11":"tag-tennis"},"share_on_mastodon":{"url":"https:\/\/pubeurope.com\/@fr\/115534745729494385","error":""},"_links":{"self":[{"href":"https:\/\/www.europesays.com\/fr\/wp-json\/wp\/v2\/posts\/528536","targetHints":{"allow":["GET"]}}],"collection":[{"href":"https:\/\/www.europesays.com\/fr\/wp-json\/wp\/v2\/posts"}],"about":[{"href":"https:\/\/www.europesays.com\/fr\/wp-json\/wp\/v2\/types\/post"}],"author":[{"embeddable":true,"href":"https:\/\/www.europesays.com\/fr\/wp-json\/wp\/v2\/users\/2"}],"replies":[{"embeddable":true,"href":"https:\/\/www.europesays.com\/fr\/wp-json\/wp\/v2\/comments?post=528536"}],"version-history":[{"count":0,"href":"https:\/\/www.europesays.com\/fr\/wp-json\/wp\/v2\/posts\/528536\/revisions"}],"wp:featuredmedia":[{"embeddable":true,"href":"https:\/\/www.europesays.com\/fr\/wp-json\/wp\/v2\/media\/528537"}],"wp:attachment":[{"href":"https:\/\/www.europesays.com\/fr\/wp-json\/wp\/v2\/media?parent=528536"}],"wp:term":[{"taxonomy":"category","embeddable":true,"href":"https:\/\/www.europesays.com\/fr\/wp-json\/wp\/v2\/categories?post=528536"},{"taxonomy":"post_tag","embeddable":true,"href":"https:\/\/www.europesays.com\/fr\/wp-json\/wp\/v2\/tags?post=528536"}],"curies":[{"name":"wp","href":"https:\/\/api.w.org\/{rel}","templated":true}]}}