{"id":528542,"date":"2025-11-12T04:09:12","date_gmt":"2025-11-12T04:09:12","guid":{"rendered":"https:\/\/www.europesays.com\/fr\/528542\/"},"modified":"2025-11-12T04:09:12","modified_gmt":"2025-11-12T04:09:12","slug":"jean-jacques-goldman-exprime-sa-reconnaissance-aux-armees-dans-une-lettre","status":"publish","type":"post","link":"https:\/\/www.europesays.com\/fr\/528542\/","title":{"rendered":"Jean-Jacques Goldman exprime sa \u00ab\u00a0reconnaissance\u00a0\u00bb aux arm\u00e9es dans une lettre"},"content":{"rendered":"<p>Le chanteur et auteur <a href=\"https:\/\/www.laprovence.com\/article\/loisirs\/2477129\/jean-jacques-goldman-le-prefere-des-francais.html\" target=\"_blank\" rel=\"noopener\">Jean-Jacques Goldman<\/a> a fait part mardi de sa \u00ab\u00a0reconnaissance\u00a0\u00bb envers les arm\u00e9es, dans une lettre manuscrite publi\u00e9e \u00e0 l&rsquo;occasion des comm\u00e9morations du 11-Novembre et du centenaire du Bleuet de France.\u00a0<\/p>\n<p>\u00ab\u00a0Il me semblait important de montrer notre reconnaissance envers nos arm\u00e9es, ses bless\u00e9s, et plus g\u00e9n\u00e9ralement avec toutes les forces de s\u00e9curit\u00e9 qui nous prot\u00e8gent au quotidien\u00a0\u00bb, a \u00e9crit l&rsquo;artiste, ambassadeur de l&rsquo;association.\u00a0<\/p>\n<p>\u00ab\u00a0Nous avons peut-\u00eatre eu tendance \u00e0 l&rsquo;oublier, mais l&rsquo;actualit\u00e9 nous le rappelle dramatiquement chaque jour\u00a0\u00bb, ajoute-t-il. Son message a \u00e9t\u00e9 publi\u00e9 au lendemain de la sortie du clip du titre qu&rsquo;il a \u00e9crit et compos\u00e9, \u00ab\u00a0On sera l\u00e0\u00a0\u00bb, d\u00e9voil\u00e9 en avril. Le morceau, qui rend hommage aux bless\u00e9s de guerre, est la \u00ab\u00a0chanson officielle du Bleuet de France\u00a0\u00bb.<\/p>\n<p>Cette fondation accompagne les bless\u00e9s de guerre, les pupilles de la Nation et les victimes d&rsquo;actes de terrorisme, et aide aussi les conjoints partenaires survivants.<\/p>\n<p>Discret par nature, Jean-Jacques Goldman, 73 ans, a \u00e9t\u00e9 pendant 30 ans pilier des Enfoir\u00e9s, pour qui il a \u00e9crit \u00ab\u00a0La chanson des Restos\u00a0\u00bb. Il avait pass\u00e9 la main en 2016.<\/p>\n<p>Avec quelque 30 millions d&rsquo;albums et de singles \u00e9coul\u00e9s en quarante ans de carri\u00e8re, \u00ab\u00a0JJG\u00a0\u00bb est une des personnalit\u00e9s pr\u00e9f\u00e9r\u00e9es de Fran\u00e7ais, gr\u00e2ce \u00e0 sa longue liste de tubes dont \u00ab\u00a0Je te donne\u00a0\u00bb et \u00ab\u00a0A nos actes manqu\u00e9s\u00a0\u00bb, qui ont berc\u00e9 les ann\u00e9es 1980-1990.\u00a0<\/p>\n","protected":false},"excerpt":{"rendered":"Le chanteur et auteur Jean-Jacques Goldman a fait part mardi de sa \u00ab\u00a0reconnaissance\u00a0\u00bb envers les arm\u00e9es, dans une&hellip;\n","protected":false},"author":2,"featured_media":528543,"comment_status":"","ping_status":"","sticky":false,"template":"","format":"standard","meta":{"footnotes":""},"categories":[1359],"tags":[17,25666,1007,251,1446,58,59,8435,1011,27,2014,44979,973,2689],"class_list":{"0":"post-528542","1":"post","2":"type-post","3":"status-publish","4":"format-standard","5":"has-post-thumbnail","7":"category-people","8":"tag-17","9":"tag-armees","10":"tag-aux","11":"tag-culture","12":"tag-dans","13":"tag-divertissement","14":"tag-entertainment","15":"tag-exprime","16":"tag-fr","17":"tag-france","18":"tag-goldman","19":"tag-jean-jacques","20":"tag-people","21":"tag-reconnaissance"},"share_on_mastodon":{"url":"https:\/\/pubeurope.com\/@fr\/115534768566763694","error":""},"_links":{"self":[{"href":"https:\/\/www.europesays.com\/fr\/wp-json\/wp\/v2\/posts\/528542","targetHints":{"allow":["GET"]}}],"collection":[{"href":"https:\/\/www.europesays.com\/fr\/wp-json\/wp\/v2\/posts"}],"about":[{"href":"https:\/\/www.europesays.com\/fr\/wp-json\/wp\/v2\/types\/post"}],"author":[{"embeddable":true,"href":"https:\/\/www.europesays.com\/fr\/wp-json\/wp\/v2\/users\/2"}],"replies":[{"embeddable":true,"href":"https:\/\/www.europesays.com\/fr\/wp-json\/wp\/v2\/comments?post=528542"}],"version-history":[{"count":0,"href":"https:\/\/www.europesays.com\/fr\/wp-json\/wp\/v2\/posts\/528542\/revisions"}],"wp:featuredmedia":[{"embeddable":true,"href":"https:\/\/www.europesays.com\/fr\/wp-json\/wp\/v2\/media\/528543"}],"wp:attachment":[{"href":"https:\/\/www.europesays.com\/fr\/wp-json\/wp\/v2\/media?parent=528542"}],"wp:term":[{"taxonomy":"category","embeddable":true,"href":"https:\/\/www.europesays.com\/fr\/wp-json\/wp\/v2\/categories?post=528542"},{"taxonomy":"post_tag","embeddable":true,"href":"https:\/\/www.europesays.com\/fr\/wp-json\/wp\/v2\/tags?post=528542"}],"curies":[{"name":"wp","href":"https:\/\/api.w.org\/{rel}","templated":true}]}}