{"id":528613,"date":"2025-11-12T05:02:15","date_gmt":"2025-11-12T05:02:15","guid":{"rendered":"https:\/\/www.europesays.com\/fr\/528613\/"},"modified":"2025-11-12T05:02:15","modified_gmt":"2025-11-12T05:02:15","slug":"jai-ete-totalement-bouffe-des-spectateurs-devores-par-des-punaises-de-lit-a-la-cinematheque-de-paris-2","status":"publish","type":"post","link":"https:\/\/www.europesays.com\/fr\/528613\/","title":{"rendered":"\u00ab J\u2019ai \u00e9t\u00e9 totalement bouff\u00e9 \u00bb\u2026 Des spectateurs d\u00e9vor\u00e9s par des punaises de lit \u00e0 la Cin\u00e9math\u00e8que de Paris"},"content":{"rendered":"<p class=\"mb-4 text-lg md:leading-8 break-words\"><strong>INVASION &#8211; Piq\u00fbres, d\u00e9mangeaisons et panique \u00e0 la Cin\u00e9math\u00e8que fran\u00e7aise. Lors d\u2019une master class plusieurs spectateurs affirment avoir \u00e9t\u00e9 attaqu\u00e9s par des punaises de lit<\/strong><\/p>\n<p class=\"mb-4 text-lg md:leading-8 break-words\">La s\u00e9ance hommage \u00e0 <a href=\"https:\/\/www.20minutes.fr\/dossier\/sigourney_weaver?at_medium=RSS%20feed&amp;at_campaign=ynews&amp;utm_source=yahoo&amp;utm_medium=rss&amp;utm_campaign=news_feed&amp;utm_content=in_article_link\" rel=\"nofollow noopener\" target=\"_blank\" data-ylk=\"slk:Sigourney Weaver;elm:context_link;itc:0;sec:content-canvas\" class=\"link \">Sigourney Weaver<\/a> du 7\u00a0novembre \u00e0 la Cin\u00e9math\u00e8que de Paris s\u2019est sold\u00e9e par un incident inattendu\u00a0: plusieurs spectateurs affirment avoir \u00e9t\u00e9 piqu\u00e9s par des <a href=\"https:\/\/www.20minutes.fr\/societe\/punaises-lit\/?at_medium=RSS%20feed&amp;at_campaign=ynews&amp;utm_source=yahoo&amp;utm_medium=rss&amp;utm_campaign=news_feed&amp;utm_content=in_article_link\" rel=\"nofollow noopener\" target=\"_blank\" data-ylk=\"slk:punaises de lit;elm:context_link;itc:0;sec:content-canvas\" class=\"link \">punaises de lit<\/a>, provoquant un toll\u00e9 et un renforcement imm\u00e9diat des mesures sanitaires, rapporte <a href=\"https:\/\/www.leparisien.fr\/paris-75\/on-les-voyait-courir-sur-les-sieges-des-spectateurs-devores-par-des-punaises-a-la-cinematheque-de-paris-11-11-2025-WJKOGREWYNBITNEI5IYTALCY3M.php?at_medium=RSS%20feed&amp;at_campaign=ynews&amp;utm_source=yahoo&amp;utm_medium=rss&amp;utm_campaign=news_feed&amp;utm_content=in_article_link\" rel=\"nofollow noopener\" target=\"_blank\" data-ylk=\"slk:Le Parisien;elm:context_link;itc:0;sec:content-canvas\" class=\"link \">Le Parisien<\/a>.<\/p>\n<p class=\"mb-4 text-lg md:leading-8 break-words\">Pour de nombreux cin\u00e9philes, la master class a tourn\u00e9 \u00e0 la panique\u00a0: certains racontent avoir vu \u00ab\u00a0courir des insectes sur les si\u00e8ges\u00a0\u00bb. Plusieurs personnes ont quitt\u00e9 la salle avec des d\u00e9mangeaisons et des piq\u00fbres visibles. L\u2019un d\u2019eux explique avoir d\u00fb enfermer ses <a href=\"https:\/\/www.20minutes.fr\/dossier\/vetement?at_medium=RSS%20feed&amp;at_campaign=ynews&amp;utm_source=yahoo&amp;utm_medium=rss&amp;utm_campaign=news_feed&amp;utm_content=in_article_link\" rel=\"nofollow noopener\" target=\"_blank\" data-ylk=\"slk:v\u00eatements;elm:context_link;itc:0;sec:content-canvas\" class=\"link \">v\u00eatements<\/a> dans des sacs-poubelles d\u00e8s son retour chez lui, par crainte de ramener les nuisibles. D\u2019autres ont pass\u00e9 la journ\u00e9e au pressing ou ont jet\u00e9 une partie de leurs affaires. \u00ab\u00a0J\u2019ai de nouveau \u00e9t\u00e9 totalement bouff\u00e9. J\u2019avais des dizaines de piq\u00fbres au cou et aux bras\u00a0\u00bb, assure un spectateur racontant au quotidien avoir d\u00e9j\u00e0 \u00e9t\u00e9 pr\u00e9c\u00e9demment piqu\u00e9 dans la Cin\u00e9math\u00e8que.<\/p>\n<p>La Cin\u00e9math\u00e8que promet des actions renforc\u00e9es<\/p>\n<p class=\"mb-4 text-lg md:leading-8 break-words\">Face aux accusations, la direction de la Cin\u00e9math\u00e8que assure \u00ab\u00a0prendre la situation tr\u00e8s au s\u00e9rieux\u00a0\u00bb. Elle rappelle qu\u2019un <a href=\"https:\/\/www.20minutes.fr\/dossier\/nettoyage?at_medium=RSS%20feed&amp;at_campaign=ynews&amp;utm_source=yahoo&amp;utm_medium=rss&amp;utm_campaign=news_feed&amp;utm_content=in_article_link\" rel=\"nofollow noopener\" target=\"_blank\" data-ylk=\"slk:protocole de d\u00e9sinfection;elm:context_link;itc:0;sec:content-canvas\" class=\"link \">protocole de d\u00e9sinfection<\/a> et de d\u00e9tection canine existe depuis\u00a02021, mais annonce un renforcement. D\u00e9sormais, un contr\u00f4le hebdomadaire avec chiens d\u00e9tecteurs et un traitement \u00e0 la vapeur s\u00e8che \u00e0 180\u00a0\u00b0C seront effectu\u00e9s chaque semaine, suivis d\u2019une validation syst\u00e9matique. L\u2019institution a \u00e9galement pr\u00e9vu une communication publique et invite les personnes touch\u00e9es \u00e0 se signaler via un formulaire.<\/p>\n<p><a href=\"https:\/\/www.20minutes.fr\/societe\/punaises-lit\/\" rel=\"nofollow noopener\" target=\"_blank\" data-ylk=\"slk:Tous nos articles sur les punaises de lit;elm:context_link;itc:0;sec:content-canvas\" class=\"link \">Tous nos articles sur les punaises de lit<\/a><\/p>\n<p class=\"mb-4 text-lg md:leading-8 break-words\">L\u2019affaire s\u2019inscrit dans un contexte plus large\u00a0: depuis\u00a02023, plusieurs cin\u00e9mas parisiens ont \u00e9t\u00e9 touch\u00e9s par des infestations similaires, suscitant une v\u00e9ritable psychose. Le gouvernement avait m\u00eame mobilis\u00e9 \u00ab\u00a0tous les minist\u00e8res\u00a0\u00bb pour traiter ce probl\u00e8me devenu de sant\u00e9 publique. Pour certains fid\u00e8les, le mal est fait. Malgr\u00e9 leur attachement au lieu, ils d\u00e9noncent une r\u00e9action jug\u00e9e insuffisante. Ce nouvel incident risque de laisser une trace durable sur la r\u00e9putation de la Cin\u00e9math\u00e8que fran\u00e7aise(&#8230;)<\/p>\n<p class=\"mb-4 text-lg md:leading-8 break-words\"><a href=\"https:\/\/www.20minutes.fr\/societe\/4185017-20251111-totalement-bouffe-spectateurs-devores-punaises-lit-cinematheque-paris?at_medium=RSS%20feed&amp;at_campaign=ynews&amp;utm_source=yahoo&amp;utm_medium=rss&amp;utm_campaign=news_feed&amp;utm_content=read_more_link&quot;\" rel=\"nofollow noopener\" target=\"_blank\" data-ylk=\"slk:Lire la suite sur 20minutes;elm:context_link;itc:0;sec:content-canvas\" class=\"link \">Lire la suite sur 20minutes<\/a><\/p>\n<p>\u00c0 lire aussi :<br \/><a href=\"https:\/\/www.20minutes.fr\/faits_divers\/4181953-20251028-paris-quatre-personnes-intoxiquees-apres-usage-insecticide-dangereux-interdit-contre-punaises-lit?at_medium=RSS%20feed&amp;at_campaign=ynews&amp;utm_source=yahoo&amp;utm_medium=rss&amp;utm_campaign=news_feed&amp;utm_content=related_content_link\" rel=\"nofollow noopener\" target=\"_blank\" data-ylk=\"slk:Paris\u00a0: Quatre personnes intoxiqu\u00e9es apr\u00e8s l\u2019usage d\u2019un insecticide \u00ab\u00a0dangereux et interdit\u00a0\u00bb contre les punaises de lit;elm:context_link;itc:0;sec:content-canvas\" class=\"link \">Paris\u00a0: Quatre personnes intoxiqu\u00e9es apr\u00e8s l\u2019usage d\u2019un insecticide \u00ab\u00a0dangereux et interdit\u00a0\u00bb contre les punaises de lit<\/a><br \/><a href=\"https:\/\/www.20minutes.fr\/planete\/4177956-20251008-lot-garonne-decouverte-espece-punaise-inhabituelle-departement?at_medium=RSS%20feed&amp;at_campaign=ynews&amp;utm_source=yahoo&amp;utm_medium=rss&amp;utm_campaign=news_feed&amp;utm_content=related_content_link\" rel=\"nofollow noopener\" target=\"_blank\" data-ylk=\"slk:Lot-et-Garonne\u00a0: D\u00e9couverte d\u2019une esp\u00e8ce de punaise inhabituelle dans le d\u00e9partement;elm:context_link;itc:0;sec:content-canvas\" class=\"link \">Lot-et-Garonne\u00a0: D\u00e9couverte d\u2019une esp\u00e8ce de punaise inhabituelle dans le d\u00e9partement<\/a><\/p>\n","protected":false},"excerpt":{"rendered":"INVASION &#8211; Piq\u00fbres, d\u00e9mangeaisons et panique \u00e0 la Cin\u00e9math\u00e8que fran\u00e7aise. Lors d\u2019une master class plusieurs spectateurs affirment avoir&hellip;\n","protected":false},"author":2,"featured_media":528614,"comment_status":"","ping_status":"","sticky":false,"template":"","format":"standard","meta":{"footnotes":""},"categories":[1888],"tags":[1111,1928,11,1927,64793,2883,1777,674,1011,27,64794,5553,64795,12,1926,626,1925,25],"class_list":{"0":"post-528613","1":"post","2":"type-post","3":"status-publish","4":"format-standard","5":"has-post-thumbnail","7":"category-paris","8":"tag-actu","9":"tag-actu-paris","10":"tag-actualites","11":"tag-actualites-paris","12":"tag-cinematheque-francaise","13":"tag-ete","14":"tag-eu","15":"tag-europe","16":"tag-fr","17":"tag-france","18":"tag-la-cinematheque-de-paris","19":"tag-le-parisien","20":"tag-master-class","21":"tag-news","22":"tag-news-paris","23":"tag-paris","24":"tag-paris-news","25":"tag-republique-francaise"},"share_on_mastodon":{"url":"https:\/\/pubeurope.com\/@fr\/115534977405237540","error":""},"_links":{"self":[{"href":"https:\/\/www.europesays.com\/fr\/wp-json\/wp\/v2\/posts\/528613","targetHints":{"allow":["GET"]}}],"collection":[{"href":"https:\/\/www.europesays.com\/fr\/wp-json\/wp\/v2\/posts"}],"about":[{"href":"https:\/\/www.europesays.com\/fr\/wp-json\/wp\/v2\/types\/post"}],"author":[{"embeddable":true,"href":"https:\/\/www.europesays.com\/fr\/wp-json\/wp\/v2\/users\/2"}],"replies":[{"embeddable":true,"href":"https:\/\/www.europesays.com\/fr\/wp-json\/wp\/v2\/comments?post=528613"}],"version-history":[{"count":0,"href":"https:\/\/www.europesays.com\/fr\/wp-json\/wp\/v2\/posts\/528613\/revisions"}],"wp:featuredmedia":[{"embeddable":true,"href":"https:\/\/www.europesays.com\/fr\/wp-json\/wp\/v2\/media\/528614"}],"wp:attachment":[{"href":"https:\/\/www.europesays.com\/fr\/wp-json\/wp\/v2\/media?parent=528613"}],"wp:term":[{"taxonomy":"category","embeddable":true,"href":"https:\/\/www.europesays.com\/fr\/wp-json\/wp\/v2\/categories?post=528613"},{"taxonomy":"post_tag","embeddable":true,"href":"https:\/\/www.europesays.com\/fr\/wp-json\/wp\/v2\/tags?post=528613"}],"curies":[{"name":"wp","href":"https:\/\/api.w.org\/{rel}","templated":true}]}}