{"id":528615,"date":"2025-11-12T05:03:15","date_gmt":"2025-11-12T05:03:15","guid":{"rendered":"https:\/\/www.europesays.com\/fr\/528615\/"},"modified":"2025-11-12T05:03:15","modified_gmt":"2025-11-12T05:03:15","slug":"la-demande-de-suspension-de-la-plateforme-shein-en-france-examinee-par-le-tribunal-de-paris-le-26-novembre","status":"publish","type":"post","link":"https:\/\/www.europesays.com\/fr\/528615\/","title":{"rendered":"La demande de suspension de la plateforme Shein en France examin\u00e9e par le tribunal de Paris le 26 novembre"},"content":{"rendered":"<p>\n                                        <b>Par<\/b><br \/>\n                                        <br \/>AFP\n                                    <\/p>\n<p>\n                                    <b>Publi\u00e9 le<\/b><br \/>\n                                    <\/p>\n<p>                                        11 novembre 2025<\/p>\n<p class=\"article-content col-md-8 offset-md-1\">\n                                L&rsquo;audience en r\u00e9f\u00e9r\u00e9 sur la suspension en France de la plateforme asiatique <a class=\"fnwAddLinks\" href=\"https:\/\/fr.fashionnetwork.com\/tags-shein\" title=\"Shein\" target=\"_blank\" rel=\"noopener\">Shein<\/a>, sous le coup de plusieurs proc\u00e9dures en justice, se tiendra le 26 novembre au tribunal judiciaire de Paris, a-t-on appris de source judiciaire, confirmant une information du Parisien.<\/p>\n<p><img decoding=\"async\" class=\"news-image\" style=\"width:100%;\" src=\"https:\/\/www.europesays.com\/fr\/wp-content\/uploads\/2025\/11\/2042.jpg\" alt=\"Palais de justice de Paris\" loading=\"lazy\"\/>Palais de justice de Paris &#8211; Shutterstock<\/p>\n<p>Matignon avait donn\u00e9 le 5 novembre 48 heures \u00e0 Shein pour se mettre en conformit\u00e9 avec la loi fran\u00e7aise apr\u00e8s la d\u00e9couverte sur son site de poup\u00e9es sexuelles d&rsquo;apparence enfantine et d&rsquo;armes de cat\u00e9gorie A.<\/p>\n<p>Le Premier ministre S\u00e9bastien Lecornu a constat\u00e9 le 7 novembre le retrait des produits illicites mais a confirm\u00e9 le m\u00eame jour le \u00ab\u00a0maintien des proc\u00e9dures judiciaires aux fins d&rsquo;obtenir la suspension de la plateforme\u00a0\u00bb.<\/p>\n<p class=\"col-md-8 offset-md-1 article-content--texte\">Lors d&rsquo;une audience au civil le 26 novembre, le juge des r\u00e9f\u00e9r\u00e9s du tribunal judiciaire de Paris sera amen\u00e9 \u00e0 statuer sur la suspension de la plateforme le temps que celle-ci d\u00e9montre que l&rsquo;ensemble des produits disponibles \u00e0 la vente en France sont en conformit\u00e9 avec les lois et r\u00e8glements fran\u00e7ais.<\/p>\n<p>La plateforme symbole de la mode jetable, fond\u00e9e en 2012 en Chine et d\u00e9sormais bas\u00e9e \u00e0 Singapour, a ouvert le 5 novembre son premier magasin physique au monde au <a class=\"fnwAddLinks\" href=\"https:\/\/fr.fashionnetwork.com\/tags-bhv\" title=\"BHV\" target=\"_blank\" rel=\"noopener\">BHV<\/a>, c\u00e9l\u00e8bre grand magasin situ\u00e9 juste en face de l&rsquo;H\u00f4tel de Ville de Paris.<\/p>\n<p>Elle est sous le coup de plusieurs proc\u00e9dures judiciaires.<\/p>\n<p>Quatre enqu\u00eates sur quatre plateformes (Shein, AliExpress, <a class=\"fnwAddLinks\" href=\"https:\/\/fr.fashionnetwork.com\/tags-temu\" title=\"Temu\" target=\"_blank\" rel=\"noopener\">Temu<\/a> et Wish) ont notamment \u00e9t\u00e9 confi\u00e9es \u00e0 l&rsquo;<a class=\"fnwAddLinks\" href=\"https:\/\/fr.fashionnetwork.com\/tags-office\" title=\"Office\" target=\"_blank\" rel=\"noopener\">Office<\/a> des mineurs (Ofmin) par le parquet de Paris le 3 novembre.<\/p>\n<p>Ces investigations portent sur la \u00ab\u00a0diffusion de message violent, pornographique, ou contraire \u00e0 la dignit\u00e9 accessible \u00e0 un mineur\u00a0\u00bb, mais aussi, pour Shein et AliExpress, sur la \u00ab\u00a0diffusion de l&rsquo;image ou la repr\u00e9sentation d&rsquo;un mineur pr\u00e9sentant un caract\u00e8re pornographique\u00a0\u00bb.<\/p>\n<p>Dans ce contexte, la plateforme asiatique continue d&rsquo;installer en France ses premiers magasins p\u00e9rennes au monde.<\/p>\n<p>Apr\u00e8s le BHV \u00e0 Paris, des ouvertures sont pr\u00e9vues le 18 novembre \u00e0 Dijon et Reims et le 21 novembre \u00e0 Grenoble, puis d\u00e9but d\u00e9cembre \u00e0 Angers et Limoges, selon la Soci\u00e9t\u00e9 des grands magasins (SGM), propri\u00e9taire des structures qui accueillent la marque. La boutique Shein du BHV a accueilli \u00ab\u00a0plus de 50.000\u00a0\u00bb visiteurs en quelques jours, d&rsquo;apr\u00e8s la SGM.<\/p>\n<p>\u00ab\u00a0Shein reste engag\u00e9e dans le dialogue avec les autorit\u00e9s fran\u00e7aises afin de r\u00e9pondre aux pr\u00e9occupations exprim\u00e9es et (&#8230;) continuer \u00e0 nous am\u00e9liorer\u00a0\u00bb, avait indiqu\u00e9 le 7 novembre \u00e0 l&rsquo;AFP son porte-parole en France, Quentin Ruffat.<\/p>\n<p>Paris, 11 nov 2025 (AFP)\n                            <\/p>\n<p>\n                                Tous droits de reproduction et de repr\u00e9sentation r\u00e9serv\u00e9s.<br \/>\u00a9 2025 Agence France-Presse<br \/>Toutes les informations reproduites dans cette rubrique (ou sur cette page selon le cas) sont prot\u00e9g\u00e9es par des droits de propri\u00e9t\u00e9 intellectuelle d\u00e9tenus par l&rsquo;AFP. Par cons\u00e9quent, aucune de ces informations ne peut \u00eatre reproduite, modifi\u00e9e, rediffus\u00e9e, traduite, exploit\u00e9e commercialement ou r\u00e9utilis\u00e9e de quelque mani\u00e8re que ce soit sans l&rsquo;accord pr\u00e9alable \u00e9crit de l&rsquo;AFP. L&rsquo;AFP ne pourra \u00eatre tenue pour responsable des d\u00e9lais, erreurs, omissions qui ne peuvent \u00eatre exclus, ni des cons\u00e9quences des actions ou transactions effectu\u00e9es sur la base de ces informations.\n                            <\/p>\n","protected":false},"excerpt":{"rendered":"Par AFP Publi\u00e9 le 11 novembre 2025 L&rsquo;audience en r\u00e9f\u00e9r\u00e9 sur la suspension en France de la plateforme&hellip;\n","protected":false},"author":2,"featured_media":528616,"comment_status":"","ping_status":"","sticky":false,"template":"","format":"standard","meta":{"footnotes":""},"categories":[1888],"tags":[11,2424,4753,537,2423,1777,674,1011,27,2425,985,12,2420,2298,626,2426,2427,25,2421,1104,1105,2422],"class_list":{"0":"post-528615","1":"post","2":"type-post","3":"status-publish","4":"format-standard","5":"has-post-thumbnail","7":"category-paris","8":"tag-actualites","9":"tag-beaute","10":"tag-bhv","11":"tag-contact","12":"tag-cosmetiques","13":"tag-eu","14":"tag-europe","15":"tag-fr","16":"tag-france","17":"tag-luxe","18":"tag-mode","19":"tag-news","20":"tag-office","21":"tag-parfum","22":"tag-paris","23":"tag-professionnel","24":"tag-professionnels","25":"tag-republique-francaise","26":"tag-reseau","27":"tag-shein","28":"tag-temu","29":"tag-textile"},"share_on_mastodon":{"url":"https:\/\/pubeurope.com\/@fr\/115534981620480765","error":""},"_links":{"self":[{"href":"https:\/\/www.europesays.com\/fr\/wp-json\/wp\/v2\/posts\/528615","targetHints":{"allow":["GET"]}}],"collection":[{"href":"https:\/\/www.europesays.com\/fr\/wp-json\/wp\/v2\/posts"}],"about":[{"href":"https:\/\/www.europesays.com\/fr\/wp-json\/wp\/v2\/types\/post"}],"author":[{"embeddable":true,"href":"https:\/\/www.europesays.com\/fr\/wp-json\/wp\/v2\/users\/2"}],"replies":[{"embeddable":true,"href":"https:\/\/www.europesays.com\/fr\/wp-json\/wp\/v2\/comments?post=528615"}],"version-history":[{"count":0,"href":"https:\/\/www.europesays.com\/fr\/wp-json\/wp\/v2\/posts\/528615\/revisions"}],"wp:featuredmedia":[{"embeddable":true,"href":"https:\/\/www.europesays.com\/fr\/wp-json\/wp\/v2\/media\/528616"}],"wp:attachment":[{"href":"https:\/\/www.europesays.com\/fr\/wp-json\/wp\/v2\/media?parent=528615"}],"wp:term":[{"taxonomy":"category","embeddable":true,"href":"https:\/\/www.europesays.com\/fr\/wp-json\/wp\/v2\/categories?post=528615"},{"taxonomy":"post_tag","embeddable":true,"href":"https:\/\/www.europesays.com\/fr\/wp-json\/wp\/v2\/tags?post=528615"}],"curies":[{"name":"wp","href":"https:\/\/api.w.org\/{rel}","templated":true}]}}