{"id":528619,"date":"2025-11-12T05:05:18","date_gmt":"2025-11-12T05:05:18","guid":{"rendered":"https:\/\/www.europesays.com\/fr\/528619\/"},"modified":"2025-11-12T05:05:18","modified_gmt":"2025-11-12T05:05:18","slug":"a-paris-artistes-russes-et-ukrainiens-tentent-de-faire-front-contre-la-guerre","status":"publish","type":"post","link":"https:\/\/www.europesays.com\/fr\/528619\/","title":{"rendered":"A Paris, artistes russes et ukrainiens tentent de faire front contre la guerre"},"content":{"rendered":"<p>                     <img loading=\"lazy\" decoding=\"async\" src=\"https:\/\/www.europesays.com\/fr\/wp-content\/uploads\/2025\/11\/a5765cc_ftp-import-images-1-jnnsjb74bpv3-403734-3444574.jpg\" alt=\"L\u2019Ukrainienne Iuliia Loboda et la Russe Zhanna Agalakova partagent l\u2019affiche de la pi\u00e8ce \u00ab\u00a0La\u00a0Haye\u00a0\u00bb, de Sasha Denisova.\"   width=\"664\" height=\"443\"\/>    L\u2019Ukrainienne Iuliia Loboda et la Russe Zhanna Agalakova partagent l\u2019affiche de la pi\u00e8ce \u00ab\u00a0La\u00a0Haye\u00a0\u00bb, de Sasha Denisova.  LE\u0301O D&rsquo;ORIANO POUR M LE MAGAZINE DU MONDE                 <\/p>\n<p class=\"article__paragraph  \">Blafard dans son costume sombre, il a les yeux brillants de la haine et de l\u2019ambition. L\u00e9g\u00e8re dans sa robe blanche, elle a le regard noir de la col\u00e8re et de la d\u00e9termination. Vladimir Poutine et une fillette, principale accusatrice du chef du Kremlin, s\u2019affrontent symboliquement sur la sc\u00e8ne d\u2019un tribunal imaginaire dans la pi\u00e8ce La\u00a0Haye. Ce huis clos autour d\u2019un proc\u00e8s sera l\u2019un des moments forts du Doc en sc\u00e8ne, un festival qui rassemblera, du jeudi 13\u00a0novembre au vendredi 19\u00a0d\u00e9cembre, \u00e0 Paris, artistes russes et ukrainiens unis dans une m\u00eame opposition au\u00a0Kremlin, au totalitarisme et \u00e0 la guerre.<\/p>\n<p class=\"article__paragraph  \">\u00ab\u00a0C\u2019est important de montrer au public fran\u00e7ais cette satire. Pour lui rappeler la dictature de Poutine, l\u2019horreur de l\u2019invasion de l\u2019Ukraine par ses troupes\u00a0\u00bb, confie avant l\u2019une des r\u00e9p\u00e9titions<strong> <\/strong>l\u2019autrice de la pi\u00e8ce, Sasha Denisova, \u00e2g\u00e9e de 51\u00a0ans. Apr\u00e8s quinze ann\u00e9es pass\u00e9es \u00e0 Moscou et plus de vingt-cinq spectacles mont\u00e9s dans divers th\u00e9\u00e2tres russes ind\u00e9pendants, la dramaturge ukrainienne a quitt\u00e9 pr\u00e9cipitamment le pays au lendemain du 24\u00a0f\u00e9vrier\u00a02022 et du d\u00e9but de \u00ab\u00a0l\u2019op\u00e9ration militaire sp\u00e9ciale\u00a0\u00bb lanc\u00e9e par Vladimir Poutine en Ukraine. \u00ab\u00a0Pr\u00e8s de quatre ans plus tard, la guerre se poursuit, sans fin. Et nous devons continuer de la d\u00e9noncer\u00a0\u00bb, insiste Sasha Denisova, qui d\u00e9fend \u00ab\u00a0la n\u00e9cessit\u00e9 et l\u2019urgence d\u2019un th\u00e9\u00e2tre documentaire, politique et engag\u00e9. A la fin, il faut bien que justice soit faite\u00a0\u00bb.<\/p>\n<p class=\"reading-mode-only \"><strong>Il vous reste 79.88% de cet article \u00e0 lire. La suite est r\u00e9serv\u00e9e aux abonn\u00e9s.<\/strong><\/p>\n","protected":false},"excerpt":{"rendered":"L\u2019Ukrainienne Iuliia Loboda et la Russe Zhanna Agalakova partagent l\u2019affiche de la pi\u00e8ce \u00ab\u00a0La\u00a0Haye\u00a0\u00bb, de Sasha Denisova. LE\u0301O&hellip;\n","protected":false},"author":2,"featured_media":528620,"comment_status":"","ping_status":"","sticky":false,"template":"","format":"standard","meta":{"footnotes":""},"categories":[1591],"tags":[11,1887,12,1885,1886,132],"class_list":{"0":"post-528619","1":"post","2":"type-post","3":"status-publish","4":"format-standard","5":"has-post-thumbnail","7":"category-russie","8":"tag-actualites","9":"tag-federation-de-russie","10":"tag-news","11":"tag-russia","12":"tag-russian-federation","13":"tag-russie"},"share_on_mastodon":{"url":"https:\/\/pubeurope.com\/@fr\/115534989438676828","error":""},"_links":{"self":[{"href":"https:\/\/www.europesays.com\/fr\/wp-json\/wp\/v2\/posts\/528619","targetHints":{"allow":["GET"]}}],"collection":[{"href":"https:\/\/www.europesays.com\/fr\/wp-json\/wp\/v2\/posts"}],"about":[{"href":"https:\/\/www.europesays.com\/fr\/wp-json\/wp\/v2\/types\/post"}],"author":[{"embeddable":true,"href":"https:\/\/www.europesays.com\/fr\/wp-json\/wp\/v2\/users\/2"}],"replies":[{"embeddable":true,"href":"https:\/\/www.europesays.com\/fr\/wp-json\/wp\/v2\/comments?post=528619"}],"version-history":[{"count":0,"href":"https:\/\/www.europesays.com\/fr\/wp-json\/wp\/v2\/posts\/528619\/revisions"}],"wp:featuredmedia":[{"embeddable":true,"href":"https:\/\/www.europesays.com\/fr\/wp-json\/wp\/v2\/media\/528620"}],"wp:attachment":[{"href":"https:\/\/www.europesays.com\/fr\/wp-json\/wp\/v2\/media?parent=528619"}],"wp:term":[{"taxonomy":"category","embeddable":true,"href":"https:\/\/www.europesays.com\/fr\/wp-json\/wp\/v2\/categories?post=528619"},{"taxonomy":"post_tag","embeddable":true,"href":"https:\/\/www.europesays.com\/fr\/wp-json\/wp\/v2\/tags?post=528619"}],"curies":[{"name":"wp","href":"https:\/\/api.w.org\/{rel}","templated":true}]}}