{"id":528627,"date":"2025-11-12T05:11:11","date_gmt":"2025-11-12T05:11:11","guid":{"rendered":"https:\/\/www.europesays.com\/fr\/528627\/"},"modified":"2025-11-12T05:11:11","modified_gmt":"2025-11-12T05:11:11","slug":"en-allemagne-une-majorite-de-citoyens-ne-se-sentent-plus-en-securite","status":"publish","type":"post","link":"https:\/\/www.europesays.com\/fr\/528627\/","title":{"rendered":"En Allemagne, une majorit\u00e9 de citoyens ne se sentent plus en s\u00e9curit\u00e9"},"content":{"rendered":"<p style=\"text-align: justify;\">Une d\u00e9cennie apr\u00e8s la crise migratoire de 2015, l\u2019Allemagne se d\u00e9couvre m\u00e9connaissable. Ce n\u2019est plus seulement l\u2019\u00e9conomie ou la politique qui vacillent, mais le sentiment m\u00eame de s\u00e9curit\u00e9 au quotidien.<a href=\"https:\/\/www.welt.de\/politik\/deutschland\/article690b7cc51d404fd31fc8aeb2\/deutschlandtrend-fast-die-haelfte-der-deutschen-fuehlt-sich-im-oeffentlichen-raum-unsicher.html\" target=\"_blank\" rel=\"noopener\"> D\u2019apr\u00e8s un sondage r\u00e9cent de l\u2019institut Infratest Dimap, pr\u00e8s d\u2019un Allemand sur deux affirme aujourd\u2019hui se sentir mal \u00e0 l\u2019aise dans les rues, les transports ou les parcs du pays.<\/a> Dix ans plus t\u00f4t, ils \u00e9taient deux fois moins nombreux \u00e0 l\u2019admettre.<\/p>\n<p><strong>Une peur devenue ordinaire<\/strong><\/p>\n<p style=\"text-align: justify;\">Le chiffre frappe :\u00a0<strong>48 %<\/strong>\u00a0des Allemands reconnaissent ne plus se sentir \u00e0 l\u2019aise dans l\u2019espace public. Et cette inqui\u00e9tude, loin de se limiter \u00e0 quelques quartiers urbains, touche l\u2019ensemble du territoire.<br \/>Les femmes sont les plus concern\u00e9es \u2013 plus d\u2019une sur deux \u2013, mais les hommes eux-m\u00eames avouent redouter d\u00e9sormais les agressions, les vols ou simplement l\u2019ambiance d\u00e9l\u00e9t\u00e8re qui s\u2019installe dans certaines villes.<\/p>\n<p style=\"text-align: justify;\">Les faits divers s\u2019accumulent, les campagnes d\u2019information se succ\u00e8dent, les cam\u00e9ras se multiplient, sans pour autant calmer l\u2019angoisse collective. L\u2019image d\u2019une Allemagne s\u00fbre, ordonn\u00e9e, respectueuse des lois, s\u2019effrite peu \u00e0 peu sous le poids du r\u00e9el.<\/p>\n<p style=\"text-align: justify;\">Les analystes allemands ne le cachent plus : la rupture remonte \u00e0 2015, lorsque le gouvernement d\u2019Angela Merkel a ouvert les fronti\u00e8res \u00e0 des centaines de milliers de migrants venus du Proche-Orient et d\u2019Afrique.<br \/>Cette d\u00e9cision, prise au nom de l\u2019humanisme europ\u00e9en, a boulevers\u00e9 en profondeur la soci\u00e9t\u00e9 allemande.<br \/>Depuis, plus de\u00a0<strong>2,8 millions de crimes<\/strong> ou d\u00e9lits ont \u00e9t\u00e9 attribu\u00e9s \u00e0 des ressortissants \u00e9trangers selon les statistiques officielles \u2013 un chiffre qui ne prend m\u00eame pas en compte les infractions li\u00e9es \u00e0 l\u2019immigration ni celles commises par des migrants d\u00e9j\u00e0 naturalis\u00e9s.<\/p>\n<p style=\"text-align: justify;\">Au-del\u00e0 des chiffres, c\u2019est la confiance qui s\u2019est effondr\u00e9e. Les Allemands, longtemps habitu\u00e9s \u00e0 un ordre social stable, d\u00e9couvrent une r\u00e9alit\u00e9 fragment\u00e9e, marqu\u00e9e par la d\u00e9fiance et la peur. Comme le soulignait r\u00e9cemment un grand quotidien de Berlin, \u201cl\u2019Allemagne de 2025 n\u2019a plus grand-chose \u00e0 voir avec celle de 2015\u201d.<\/p>\n<p><strong>Un pays qui doute de lui-m\u00eame<\/strong><\/p>\n<p style=\"text-align: justify;\">L\u2019enqu\u00eate r\u00e9v\u00e8le une crise beaucoup plus large que la simple ins\u00e9curit\u00e9 physique. Seuls\u00a0<strong>26 %<\/strong> des citoyens estiment que la stabilit\u00e9 sociale du pays est encore garantie.<\/p>\n<p style=\"text-align: justify;\">\u00c0 peine un tiers croit en la solidit\u00e9 de l\u2019\u00e9conomie allemande sur la sc\u00e8ne mondiale. Et moins d\u2019un Allemand sur trois consid\u00e8re que l\u2019avenir de ses enfants est \u201cs\u00fbr\u201d.<\/p>\n<p style=\"text-align: justify;\">C\u2019est tout un mod\u00e8le de soci\u00e9t\u00e9 \u2013 celui de la prosp\u00e9rit\u00e9 tranquille et du consensus d\u00e9mocratique \u2013 qui vacille.<br \/>L\u2019Allemagne n\u2019est plus cette puissance s\u00fbre d\u2019elle-m\u00eame qui attirait l\u2019Europe du travail.<br \/>Elle doute, se replie, se prot\u00e8ge.<\/p>\n<p><strong>Le b\u00e9n\u00e9fice politique pour l\u2019AfD<\/strong><\/p>\n<p style=\"text-align: justify;\">Ce climat d\u2019inqui\u00e9tude profite \u00e9videmment \u00e0 la\u00a0<strong>droite populiste<\/strong>.<\/p>\n<p style=\"text-align: justify;\">Le parti Alternative f\u00fcr Deutschland (AfD) progresse de mani\u00e8re spectaculaire et talonne d\u00e9sormais la CDU du chancelier Friedrich Merz. Les sondages lui attribuent\u00a0<strong>26 % des intentions de vote<\/strong>, un record historique. Mais au-del\u00e0 du score \u00e9lectoral, c\u2019est l\u2019adh\u00e9sion \u00e0 ses th\u00e8mes qui impressionne : pr\u00e8s d\u2019un Allemand sur deux estime que l\u2019AfD \u201ccomprend mieux que les autres\u201d ce que ressent la population.<\/p>\n<p style=\"text-align: justify;\">Et 47 % approuvent explicitement sa volont\u00e9 de\u00a0<strong>limiter l\u2019immigration et le flux de r\u00e9fugi\u00e9s<\/strong>, bien davantage que les partis traditionnels.<\/p>\n<p style=\"text-align: justify;\">Ce basculement id\u00e9ologique, autrefois impensable dans une Allemagne traumatis\u00e9e par son pass\u00e9, traduit un retour du r\u00e9el : celui d\u2019un peuple qui refuse de se laisser accuser de \u201crepli identitaire\u201d quand il r\u00e9clame simplement de pouvoir marcher sereinement dans ses rues.<\/p>\n<p style=\"text-align: justify;\">Les \u00e9lus locaux, eux aussi, tirent la sonnette d\u2019alarme.<\/p>\n<p style=\"text-align: justify;\">Dans plusieurs grandes villes, des bourgmestres r\u00e9clament\u00a0<strong>davantage de policiers<\/strong>, des\u00a0<strong>restrictions nocturnes sur l\u2019alcool<\/strong>, voire des\u00a0<strong>r\u00e9ductions fiscales<\/strong> pour les quartiers devenus difficiles \u00e0 vivre.<\/p>\n<p style=\"text-align: justify;\">Un aveu d\u2019impuissance autant que de lassitude.<\/p>\n<p style=\"text-align: justify;\">Car derri\u00e8re la rh\u00e9torique s\u00e9curitaire se cache une r\u00e9alit\u00e9 sociale : l\u2019\u00c9tat allemand, comme nombre de ses voisins europ\u00e9ens, peine d\u00e9sormais \u00e0 garantir l\u2019ordre \u00e9l\u00e9mentaire dans les espaces publics.<\/p>\n<p><strong>Le miroir de l\u2019Europe<\/strong><\/p>\n<p style=\"text-align: justify;\">L\u2019Allemagne n\u2019est pas seule dans cette d\u00e9rive.<\/p>\n<p style=\"text-align: justify;\">Partout en Europe occidentale, les m\u00eames sympt\u00f4mes apparaissent : ins\u00e9curit\u00e9 croissante, mont\u00e9e de la peur, d\u00e9fiance envers les \u00e9lites, effondrement des rep\u00e8res communs.<\/p>\n<p style=\"text-align: justify;\">Les capitales jadis paisibles se transforment en mosa\u00efques de communaut\u00e9s \u00e9trang\u00e8res qui cohabitent sans se comprendre.<br \/>Et face \u00e0 cette fragmentation, les peuples autochtones cherchent d\u00e9sesp\u00e9r\u00e9ment \u00e0 reprendre le contr\u00f4le de leur destin.<\/p>\n<p style=\"text-align: justify;\">Ce qui se joue aujourd\u2019hui en Allemagne d\u00e9passe donc les fronti\u00e8res allemandes : c\u2019est l\u2019avenir d\u2019une Europe confront\u00e9e \u00e0 son propre effacement, \u00e0 son incapacit\u00e9 \u00e0 d\u00e9fendre ce qu\u2019elle est, et \u00e0 la peur d\u2019assumer le mot honni de \u201ccivilisation\u201d.<\/p>\n<p style=\"text-align: justify;\">Quand pr\u00e8s de la moiti\u00e9 des citoyens d\u2019un pays aussi riche, organis\u00e9 et disciplin\u00e9 que l\u2019Allemagne d\u00e9clare ne plus se sentir en s\u00e9curit\u00e9, c\u2019est le signe d\u2019un basculement historique.<\/p>\n<p style=\"text-align: justify;\">Ce n\u2019est pas un ph\u00e9nom\u00e8ne marginal, mais une alerte civilisationnelle.<\/p>\n<p style=\"text-align: justify;\">La question n\u2019est plus celle des statistiques, mais celle du sens :\u00a0<strong>qui prot\u00e8ge encore les Europ\u00e9ens ?<\/strong><\/p>\n<p style=\"text-align: justify;\">Et surtout,\u00a0<strong>qui les \u00e9coute ?<\/strong><\/p>\n<p style=\"text-align: justify;\">Illustration : DR<br \/>[cc] Article relu et corrig\u00e9 (orthographe, syntaxe) par ChatGPT.<\/p>\n<p style=\"text-align: justify;\">Breizh-info.com, 2025, d\u00e9p\u00eaches libres de copie et de diffusion sous r\u00e9serve de mention et de lien vers la source d\u2019origine<\/p>\n","protected":false},"excerpt":{"rendered":"Une d\u00e9cennie apr\u00e8s la crise migratoire de 2015, l\u2019Allemagne se d\u00e9couvre m\u00e9connaissable. Ce n\u2019est plus seulement l\u2019\u00e9conomie ou&hellip;\n","protected":false},"author":2,"featured_media":528628,"comment_status":"","ping_status":"","sticky":false,"template":"","format":"standard","meta":{"footnotes":""},"categories":[1587],"tags":[11,1862,672,6388,1898,1804,64796,271,24917,1805,1803,1777,674,4651,6430,1801,5893,1061,64797,2825,12,12819,35319,29259,1802,23051,64798,13947],"class_list":{"0":"post-528627","1":"post","2":"type-post","3":"status-publish","4":"format-standard","5":"has-post-thumbnail","7":"category-allemagne","8":"tag-actualites","9":"tag-afd","10":"tag-allemagne","11":"tag-angela-merkel","12":"tag-berlin","13":"tag-bundesrepublik-deutschland","14":"tag-civilisations-europeennes","15":"tag-crime","16":"tag-crise-migratoire","17":"tag-de","18":"tag-deutschland","19":"tag-eu","20":"tag-europe","21":"tag-femmes","22":"tag-frontieres","23":"tag-germany","24":"tag-identite","25":"tag-immigration","26":"tag-infratest-dimap","27":"tag-insecurite","28":"tag-news","29":"tag-peur","30":"tag-politique-migratoire","31":"tag-populisme","32":"tag-republique-federale-dallemagne","33":"tag-securite-publique","34":"tag-societe-allemande","35":"tag-sondage"},"share_on_mastodon":{"url":"https:\/\/pubeurope.com\/@fr\/115535012440891517","error":""},"_links":{"self":[{"href":"https:\/\/www.europesays.com\/fr\/wp-json\/wp\/v2\/posts\/528627","targetHints":{"allow":["GET"]}}],"collection":[{"href":"https:\/\/www.europesays.com\/fr\/wp-json\/wp\/v2\/posts"}],"about":[{"href":"https:\/\/www.europesays.com\/fr\/wp-json\/wp\/v2\/types\/post"}],"author":[{"embeddable":true,"href":"https:\/\/www.europesays.com\/fr\/wp-json\/wp\/v2\/users\/2"}],"replies":[{"embeddable":true,"href":"https:\/\/www.europesays.com\/fr\/wp-json\/wp\/v2\/comments?post=528627"}],"version-history":[{"count":0,"href":"https:\/\/www.europesays.com\/fr\/wp-json\/wp\/v2\/posts\/528627\/revisions"}],"wp:featuredmedia":[{"embeddable":true,"href":"https:\/\/www.europesays.com\/fr\/wp-json\/wp\/v2\/media\/528628"}],"wp:attachment":[{"href":"https:\/\/www.europesays.com\/fr\/wp-json\/wp\/v2\/media?parent=528627"}],"wp:term":[{"taxonomy":"category","embeddable":true,"href":"https:\/\/www.europesays.com\/fr\/wp-json\/wp\/v2\/categories?post=528627"},{"taxonomy":"post_tag","embeddable":true,"href":"https:\/\/www.europesays.com\/fr\/wp-json\/wp\/v2\/tags?post=528627"}],"curies":[{"name":"wp","href":"https:\/\/api.w.org\/{rel}","templated":true}]}}