{"id":528638,"date":"2025-11-12T05:19:17","date_gmt":"2025-11-12T05:19:17","guid":{"rendered":"https:\/\/www.europesays.com\/fr\/528638\/"},"modified":"2025-11-12T05:19:17","modified_gmt":"2025-11-12T05:19:17","slug":"le-bayonnais-pascal-cotet-fixe-sur-son-avenir","status":"publish","type":"post","link":"https:\/\/www.europesays.com\/fr\/528638\/","title":{"rendered":"Le Bayonnais Pascal Cotet fix\u00e9 sur son avenir !"},"content":{"rendered":"<p>Le pilier droit de l\u2019Aviron Bayonnais, Pascal Cotet verra son contrat arriver \u00e0 terme avec le club Basque au mois de juin prochain.<\/p>\n<p>Jusqu\u2019\u00e0 pr\u00e9sent, le joueur Basque ne savait pas de quoi allait \u00eatre fait son avenir.<\/p>\n<p>Ce mardi, le joueur de 32 ans est fix\u00e9.<\/p>\n<p><strong>Lors d\u2019un entretien accord\u00e9 \u00e0 <a href=\"https:\/\/www.rugbyrama.fr\/2025\/11\/11\/exclusif-des-clubs-ont-decide-de-couper-des-tetes-pour-moins-que-ca-les-messages-forts-de-philippe-tayeb-sur-les-tensions-a-bayonne-13045496.php\" target=\"_blank\" rel=\"noopener\">Midi Olympique<\/a>, le pr\u00e9sident Bayonnais Philippe Tayeb a indiqu\u00e9 avoir tranch\u00e9 ce dossier. Extrait:<\/strong><\/p>\n<p>\u00ab\u00a0On a statu\u00e9, mais je ne peux pas le dire.\u00a0\u00bb<\/p>\n<p><strong>Selon les informations de Midi Olympique, Pascal Cotet ne sera pas conserv\u00e9 par l\u2019Aviron Bayonnais au mois de juin prochain.<\/strong><\/p>\n","protected":false},"excerpt":{"rendered":"Le pilier droit de l\u2019Aviron Bayonnais, Pascal Cotet verra son contrat arriver \u00e0 terme avec le club Basque&hellip;\n","protected":false},"author":2,"featured_media":528639,"comment_status":"","ping_status":"","sticky":false,"template":"","format":"standard","meta":{"footnotes":""},"categories":[1416],"tags":[1011,27,479,1468,60],"class_list":{"0":"post-528638","1":"post","2":"type-post","3":"status-publish","4":"format-standard","5":"has-post-thumbnail","7":"category-rugby","8":"tag-fr","9":"tag-france","10":"tag-rugby","11":"tag-rugby-football","12":"tag-sports"},"share_on_mastodon":{"url":"https:\/\/pubeurope.com\/@fr\/115535043938711894","error":""},"_links":{"self":[{"href":"https:\/\/www.europesays.com\/fr\/wp-json\/wp\/v2\/posts\/528638","targetHints":{"allow":["GET"]}}],"collection":[{"href":"https:\/\/www.europesays.com\/fr\/wp-json\/wp\/v2\/posts"}],"about":[{"href":"https:\/\/www.europesays.com\/fr\/wp-json\/wp\/v2\/types\/post"}],"author":[{"embeddable":true,"href":"https:\/\/www.europesays.com\/fr\/wp-json\/wp\/v2\/users\/2"}],"replies":[{"embeddable":true,"href":"https:\/\/www.europesays.com\/fr\/wp-json\/wp\/v2\/comments?post=528638"}],"version-history":[{"count":0,"href":"https:\/\/www.europesays.com\/fr\/wp-json\/wp\/v2\/posts\/528638\/revisions"}],"wp:featuredmedia":[{"embeddable":true,"href":"https:\/\/www.europesays.com\/fr\/wp-json\/wp\/v2\/media\/528639"}],"wp:attachment":[{"href":"https:\/\/www.europesays.com\/fr\/wp-json\/wp\/v2\/media?parent=528638"}],"wp:term":[{"taxonomy":"category","embeddable":true,"href":"https:\/\/www.europesays.com\/fr\/wp-json\/wp\/v2\/categories?post=528638"},{"taxonomy":"post_tag","embeddable":true,"href":"https:\/\/www.europesays.com\/fr\/wp-json\/wp\/v2\/tags?post=528638"}],"curies":[{"name":"wp","href":"https:\/\/api.w.org\/{rel}","templated":true}]}}