{"id":528660,"date":"2025-11-12T05:34:16","date_gmt":"2025-11-12T05:34:16","guid":{"rendered":"https:\/\/www.europesays.com\/fr\/528660\/"},"modified":"2025-11-12T05:34:16","modified_gmt":"2025-11-12T05:34:16","slug":"kate-middleton-solo-sans-william-la-princesse-elegante-toute-de-noir-vetue-un-detail-ne-passe-absolument-pas","status":"publish","type":"post","link":"https:\/\/www.europesays.com\/fr\/528660\/","title":{"rendered":"Kate Middleton solo sans William : la princesse \u00e9l\u00e9gante toute de noir v\u00eatue, un d\u00e9tail ne passe absolument pas"},"content":{"rendered":"<p>Ce mardi 11 novembre, la <a href=\"https:\/\/www.closermag.fr\/royautes\/kate-middleton-loin-du-prince-william-ce-geste-audacieux-cachait-un-message-secret-destine-a-son-mari-3592584\" target=\"_blank\" rel=\"noopener\"><br \/>\nprincesse de Galles a d\u00e9fil\u00e9 seule<\/a> \u00e0 la c\u00e9r\u00e9monie du 11<br \/>\nnovembre organis\u00e9e au National Memorial Arboretum en l\u2019honneur des<br \/>\n<strong>soldats tomb\u00e9s au combat<\/strong>. Kate Middleton ou plut\u00f4t<br \/>\nCatherine, princesse de Galles est apparue dans une tenue \u00e0 la fois<br \/>\n<strong>sobre et majestueuse, fid\u00e8le au protocole royal.<\/strong><br \/>\nToute de <strong>noir<\/strong> v\u00eatue, elle portait un manteau<br \/>\nmilitaire sign\u00e9 Catherine Walker et un large chapeau<br \/>\nPhilip Treacy, symbole <strong>d\u2019\u00e9l\u00e9gance<\/strong> et de<br \/>\n<strong>respect<\/strong>.<\/p>\n<p>Mais si son allure a s\u00e9duit, une <strong>erreur<\/strong> de la<br \/>\nBBC est venue <strong>troubler<\/strong> la solennit\u00e9 du moment.<br \/>\nDurant la retransmission en direct, la cha\u00eene britannique a<br \/>\nplusieurs fois <strong>d\u00e9sign\u00e9 la princesse sous son nom de jeune<br \/>\nfille<\/strong>. Cela a provoqu\u00e9 la <strong>col\u00e8re<\/strong><br \/>\nimm\u00e9diate des t\u00e9l\u00e9spectateurs et des fans du couple royal.<\/p>\n<p>Une \u00e9l\u00e9gance irr\u00e9prochable de Kate Middleton malgr\u00e9 la<br \/>\npol\u00e9mique<\/p>\n<p>Malgr\u00e9 la controverse, Kate Middleton ou plut\u00f4t Catherine,<br \/>\nprincesse de Galles, a incarn\u00e9 la <strong>gr\u00e2ce<\/strong> et la<br \/>\n<strong>retenue<\/strong> qui la caract\u00e9risent. Son manteau<br \/>\nmilitaire structur\u00e9, orn\u00e9 de discr\u00e8tes tresses, rappelait<br \/>\n<strong>l\u2019uniforme des officiers,<\/strong> un choix<br \/>\n<strong>symbolique<\/strong> pour cette c\u00e9r\u00e9monie de m\u00e9moire. Lors<br \/>\ndu week end pr\u00e9c\u00e9dent, elle \u00e9tait <a href=\"https:\/\/www.closermag.fr\/royautes\/prince-george-cette-sortie-avec-kate-middleton-qui-confirme-quil-suit-deja-les-pas-de-son-pere-3592445\" target=\"_blank\" rel=\"noopener\"><br \/>\naccompagn\u00e9e de son fils, le prince George<\/a>.<\/p>\n<blockquote class=\"twitter-tweet\"><p><a class=\"twitter-link\" rel=\"noindex, nofollow noopener\" href=\"https:\/\/twitter.com\/RE_DailyMail\/status\/1988199436775026794%20\" target=\"_blank\"><\/p><\/blockquote>\n<p>Mais un d\u00e9tail n\u2019a \u00e9chapp\u00e9 \u00e0 personne : <a href=\"https:\/\/www.closermag.fr\/royautes\/kate-middleton-ce-detail-vestimentaire-qui-interpelle-a-la-journee-du-souvenir-3592496\" target=\"_blank\" rel=\"noopener\"><br \/>\nKate Middleton portait seulement deux coquelicots au lieu des<br \/>\ntrois<\/a> qu\u2019elle arbore habituellement. Ce geste discret et<br \/>\nsignificatif symboliserait un <strong>hommage plus intime<\/strong>,<br \/>\nli\u00e9 \u00e0 sa <strong>propre histoire familiale<\/strong> et \u00e0 son<br \/>\n<strong>engagement personnel<\/strong> envers les anciens<br \/>\ncombattants.<\/p>\n<p>Une erreur qui scandalise les fans de<br \/>\nla princesse de Galles<\/p>\n<p>Rapidement, les r\u00e9seaux sociaux se sont<br \/>\n<strong>enflamm\u00e9s<\/strong> contre la BBC. \u201cQui est<br \/>\n<strong>l\u2019imb\u00e9cile<\/strong> qui appelle la princesse de Galles<br \/>\n<strong>Kate Middleton<\/strong> sur la BBC ?\u201d s\u2019est indign\u00e9 un<br \/>\ninternaute sur X (ex-Twitter). D\u2019autres ont accus\u00e9 la cha\u00eene d\u2019un<br \/>\nmanque total de <strong>respect<\/strong> envers la famille royale.<br \/>\n\u201cComment la BBC peut encore faire cette <strong>erreur<\/strong><br \/>\napr\u00e8s plus de 10 ans de mariage ? C\u2019est<br \/>\n<strong>irrespectueux<\/strong> !\u201d \u00e9crivait un autre.<\/p>\n<p>Certains ont m\u00eame vu dans ce choix de mots une<br \/>\n<strong>provocation<\/strong> politique. \u201cEst-ce que la<br \/>\n<strong>BBC<\/strong> est devenue <strong>r\u00e9publicaine<\/strong><br \/>\n?\u201d s\u2019interrogeait un t\u00e9l\u00e9spectateur <strong>outr\u00e9<\/strong>.<br \/>\nSur les r\u00e9seaux, le ton est mont\u00e9. \u201cJe suis<br \/>\n<strong>furieuse<\/strong> ! La pr\u00e9sentatrice a r\u00e9p\u00e9t\u00e9 \u2018Kate<br \/>\nMiddleton\u2019 plusieurs fois, c\u2019est <strong>honteux<\/strong><br \/>\n!\u201d<\/p>\n<p><script async src=\"https:\/\/platform.twitter.com\/widgets.js\" charset=\"utf-8\"><\/script><\/p>\n","protected":false},"excerpt":{"rendered":"Ce mardi 11 novembre, la princesse de Galles a d\u00e9fil\u00e9 seule \u00e0 la c\u00e9r\u00e9monie du 11 novembre organis\u00e9e&hellip;\n","protected":false},"author":2,"featured_media":528661,"comment_status":"","ping_status":"","sticky":false,"template":"","format":"standard","meta":{"footnotes":""},"categories":[8],"tags":[58,59,1011,27,6585,5858,3936],"class_list":{"0":"post-528660","1":"post","2":"type-post","3":"status-publish","4":"format-standard","5":"has-post-thumbnail","7":"category-divertissement","8":"tag-divertissement","9":"tag-entertainment","10":"tag-fr","11":"tag-france","12":"tag-kate-et-william","13":"tag-kate-middleton","14":"tag-prince-william"},"share_on_mastodon":{"url":"https:\/\/pubeurope.com\/@fr\/115535102901527152","error":""},"_links":{"self":[{"href":"https:\/\/www.europesays.com\/fr\/wp-json\/wp\/v2\/posts\/528660","targetHints":{"allow":["GET"]}}],"collection":[{"href":"https:\/\/www.europesays.com\/fr\/wp-json\/wp\/v2\/posts"}],"about":[{"href":"https:\/\/www.europesays.com\/fr\/wp-json\/wp\/v2\/types\/post"}],"author":[{"embeddable":true,"href":"https:\/\/www.europesays.com\/fr\/wp-json\/wp\/v2\/users\/2"}],"replies":[{"embeddable":true,"href":"https:\/\/www.europesays.com\/fr\/wp-json\/wp\/v2\/comments?post=528660"}],"version-history":[{"count":0,"href":"https:\/\/www.europesays.com\/fr\/wp-json\/wp\/v2\/posts\/528660\/revisions"}],"wp:featuredmedia":[{"embeddable":true,"href":"https:\/\/www.europesays.com\/fr\/wp-json\/wp\/v2\/media\/528661"}],"wp:attachment":[{"href":"https:\/\/www.europesays.com\/fr\/wp-json\/wp\/v2\/media?parent=528660"}],"wp:term":[{"taxonomy":"category","embeddable":true,"href":"https:\/\/www.europesays.com\/fr\/wp-json\/wp\/v2\/categories?post=528660"},{"taxonomy":"post_tag","embeddable":true,"href":"https:\/\/www.europesays.com\/fr\/wp-json\/wp\/v2\/tags?post=528660"}],"curies":[{"name":"wp","href":"https:\/\/api.w.org\/{rel}","templated":true}]}}