{"id":528670,"date":"2025-11-12T05:39:12","date_gmt":"2025-11-12T05:39:12","guid":{"rendered":"https:\/\/www.europesays.com\/fr\/528670\/"},"modified":"2025-11-12T05:39:12","modified_gmt":"2025-11-12T05:39:12","slug":"au-bresil-le-gouverneur-de-californie-moque-l-imbecillite-du-grand-absent-trump","status":"publish","type":"post","link":"https:\/\/www.europesays.com\/fr\/528670\/","title":{"rendered":"Au Br\u00e9sil, le gouverneur de Californie moque l&rsquo;\u00ab\u00a0imb\u00e9cillit\u00e9\u00a0\u00bb du grand absent Trump"},"content":{"rendered":"<p>La hache de guerre est toujours sortie <a href=\"https:\/\/www.20minutes.fr\/monde\/etats-unis\/4181566-20251025-etats-unis-gouverneur-californie-cadeau-tres-amusant-ceux-mettent-genoux-devant-trump\" target=\"_blank\" class=\"c-link c-link--is-underlined\" rel=\"noopener\">entre le locataire de la Maison-Blanche et le gouverneur de Californie<\/a>. Et le monde a encore pu assister \u00e0 leur bras de fer avec cette fois la question climatique pour marquer leurs profondes divergences. Principal opposant d\u00e9mocrate du pr\u00e9sident am\u00e9ricain, Gavin Newsom a en effet saisi mardi l\u2019occasion de <a href=\"https:\/\/www.20minutes.fr\/planete\/4184807-20251110-cop30-president-giec-desormais-presque-inevitable-depasser-objectif-1-5\" target=\"_blank\" class=\"c-link c-link--is-underlined\" rel=\"noopener\">la COP30 au Br\u00e9sil<\/a> pour se payer Donald Trump, grand absent du sommet.<\/p>\n<p>\u00ab\u00a0Trump est temporaire\u00a0\u00bb, a lanc\u00e9 le gouverneur de la Californie \u00e0 Bel\u00e9m, ville d\u2019Amazonie qui accueille la conf\u00e9rence de l\u2019ONU sur le climat, sans aucune d\u00e9l\u00e9gation f\u00e9d\u00e9rale am\u00e9ricaine pour la premi\u00e8re fois de l\u2019histoire des COP. \u00ab\u00a0Donald Trump redouble d\u2019imb\u00e9cillit\u00e9\u00a0\u00bb, a-t-il attaqu\u00e9 en critiquant la marche arri\u00e8re du gouvernement f\u00e9d\u00e9ral sur l\u2019\u00e9nergie et le climat, et le second retrait am\u00e9ricain de l\u2019<a href=\"https:\/\/www.20minutes.fr\/dossier\/accord-paris\" target=\"_blank\" class=\"c-link c-link--is-underlined\" rel=\"noopener\">accord de Paris<\/a>, moteur de la coop\u00e9ration mondiale sur le climat.<\/p>\n<p>La Californie se veut \u00eatre un mod\u00e8le sur l\u2019\u00e9nergie<\/p>\n<p>Toute la journ\u00e9e, le virulent opposant \u00e0 Donald Trump, consid\u00e9r\u00e9 comme l\u2019un des candidats les plus s\u00e9rieux \u00e0 la pr\u00e9sidentielle de\u00a02028, a r\u00e9p\u00e9t\u00e9 que ses reculs \u00e9taient une \u00ab\u00a0abomination\u00a0\u00bb. Il a aussi multipli\u00e9 les r\u00e9unions et les \u00e9v\u00e9nements de haut niveau, avec le gouverneur de l\u2019Etat br\u00e9silien du Para, avec un ministre allemand, avec le pr\u00e9sident br\u00e9silien de la COP30.<\/p>\n<\/p>\n<p>Interrog\u00e9 par l\u2019AFP, il a affirm\u00e9 qu\u2019un pr\u00e9sident d\u00e9mocrate r\u00e9int\u00e9grerait les \u00c9tats-Unis dans l\u2019accord de Paris \u00ab\u00a0sans h\u00e9sitation\u00a0\u00bb. \u00ab\u00a0C\u2019est un engagement moral, c\u2019est un imp\u00e9ratif \u00e9conomique\u00a0\u00bb. A chaque \u00e9tape, Gavin Newsom a surtout vant\u00e9 comme un mod\u00e8le sa Californie, qui ind\u00e9pendante serait la 4e \u00e9conomie mondiale, et dont l\u2019\u00e9lectricit\u00e9 a \u00e9t\u00e9 \u00ab\u00a0100\u00a0% propre\u00a0\u00bb (sans fossiles) neuf jours sur dix cette ann\u00e9e.<\/p>\n<p>Le verre \u00e0 moiti\u00e9 plein de l\u2019absence des Etats-Unis<\/p>\n<p>L\u2019absence de repr\u00e9sentant de l\u2019administration Trump est en tout cas un soulagement pour ceux qui craignaient que les Etats-Unis ne viennent torpiller les n\u00e9gociations, comme en octobre \u00e0 l\u2019Organisation maritime internationale (OMI) o\u00f9 un accord sur une taxe carbone a \u00e9t\u00e9 coul\u00e9 apr\u00e8s des menaces am\u00e9ricaines sur certains pays. \u00ab\u00a0C\u2019est une bonne chose\u00a0\u00bb, a ainsi estim\u00e9 Christiana Figueres, ancienne cheffe de l\u2019ONU Climat au moment de l\u2019accord de Paris, mardi \u00e0 Bel\u00e9m. \u00ab\u00a0Ils ne peuvent pas prendre la parole.\u00a0\u00bb<\/p>\n<p><a href=\"https:\/\/www.20minutes.fr\/dossier\/changement_climatique\" target=\"_blank\" class=\"c-link c-btn c-btn--primary\" rel=\"noopener\">Notre dossier sur le Changement climatique<\/a><\/p>\n<p>Le retrait de l\u2019accord de Paris d\u00e9cid\u00e9 par le pr\u00e9sident am\u00e9ricain sera effectif en janvier\u00a02026, mais les Etats-Unis garderont leurs si\u00e8ges aux COP. \u00ab\u00a0L\u2019absence des Etats-Unis ne compromet pas la COP\u00a0\u00bb, avait pour sa part soulign\u00e9 jeudi dernier le Premier ministre portugais Lu\u00eds Montenegro. Mais \u00e0 long terme, le r\u00e9engagement du pays, deuxi\u00e8me \u00e9metteur mondial de gaz \u00e0 effet de serre, sera \u00ab\u00a0indispensable\u00a0\u00bb, avait-il pr\u00e9venu.<\/p>\n","protected":false},"excerpt":{"rendered":"La hache de guerre est toujours sortie entre le locataire de la Maison-Blanche et le gouverneur de Californie.&hellip;\n","protected":false},"author":2,"featured_media":528671,"comment_status":"","ping_status":"","sticky":false,"template":"","format":"standard","meta":{"footnotes":""},"categories":[2],"tags":[47,11,2548,2139,4734,63463,75,73,1011,27,74,12,52,1800,5140,133],"class_list":{"0":"post-528670","1":"post","2":"type-post","3":"status-publish","4":"format-standard","5":"has-post-thumbnail","7":"category-actualites","8":"tag-actualite","9":"tag-actualites","10":"tag-bresil","11":"tag-californie","12":"tag-changement-climatique","13":"tag-cop-30","14":"tag-donald-trump","15":"tag-etats-unis","16":"tag-fr","17":"tag-france","18":"tag-monde","19":"tag-news","20":"tag-planete","21":"tag-pollution","22":"tag-rechauffement-climatique","23":"tag-video"},"share_on_mastodon":{"url":"https:\/\/pubeurope.com\/@fr\/115535122556445940","error":""},"_links":{"self":[{"href":"https:\/\/www.europesays.com\/fr\/wp-json\/wp\/v2\/posts\/528670","targetHints":{"allow":["GET"]}}],"collection":[{"href":"https:\/\/www.europesays.com\/fr\/wp-json\/wp\/v2\/posts"}],"about":[{"href":"https:\/\/www.europesays.com\/fr\/wp-json\/wp\/v2\/types\/post"}],"author":[{"embeddable":true,"href":"https:\/\/www.europesays.com\/fr\/wp-json\/wp\/v2\/users\/2"}],"replies":[{"embeddable":true,"href":"https:\/\/www.europesays.com\/fr\/wp-json\/wp\/v2\/comments?post=528670"}],"version-history":[{"count":0,"href":"https:\/\/www.europesays.com\/fr\/wp-json\/wp\/v2\/posts\/528670\/revisions"}],"wp:featuredmedia":[{"embeddable":true,"href":"https:\/\/www.europesays.com\/fr\/wp-json\/wp\/v2\/media\/528671"}],"wp:attachment":[{"href":"https:\/\/www.europesays.com\/fr\/wp-json\/wp\/v2\/media?parent=528670"}],"wp:term":[{"taxonomy":"category","embeddable":true,"href":"https:\/\/www.europesays.com\/fr\/wp-json\/wp\/v2\/categories?post=528670"},{"taxonomy":"post_tag","embeddable":true,"href":"https:\/\/www.europesays.com\/fr\/wp-json\/wp\/v2\/tags?post=528670"}],"curies":[{"name":"wp","href":"https:\/\/api.w.org\/{rel}","templated":true}]}}