{"id":528674,"date":"2025-11-12T05:41:32","date_gmt":"2025-11-12T05:41:32","guid":{"rendered":"https:\/\/www.europesays.com\/fr\/528674\/"},"modified":"2025-11-12T05:41:32","modified_gmt":"2025-11-12T05:41:32","slug":"loire-plus-dune-tonne-de-cannabis-saisie-lors-du-demantelement-de-reseaux","status":"publish","type":"post","link":"https:\/\/www.europesays.com\/fr\/528674\/","title":{"rendered":"Loire. Plus d&rsquo;une tonne de cannabis saisie lors du d\u00e9mant\u00e8lement de r\u00e9seaux"},"content":{"rendered":"<p><img loading=\"lazy\" decoding=\"async\" alt=\"\u00a9 Police nationale - Un des v\u00e9hicules ayant servi au go-fast mis en \u00e9chec par l\u2019Ofast\" data-zoom-src=\"https:\/\/www.europesays.com\/fr\/wp-content\/uploads\/2025\/11\/initial-c-police-nationale.jpg\" data-zoomable=\"\" height=\"702\" src=\"https:\/\/www.europesays.com\/fr\/wp-content\/uploads\/2025\/11\/initial-c-police-nationale.jpg\" width=\"1248\"\/>  <\/p>\n<p class=\"article-desc\">\u00a9 Police nationale &#8211; Un des v\u00e9hicules ayant servi au go-fast mis en \u00e9chec par l\u2019Ofast <\/p>\n<p>La <strong>Police nationale<\/strong> annonce ce lundi 10 novembre le d\u00e9mant\u00e8lement d\u2019un groupe de <strong>quatre hommes<\/strong> qui alimentait en <strong>stup\u00e9fiants la r\u00e9gion st\u00e9phanoise et la r\u00e9gion lyonnaise<\/strong>. Les trafiquants interpell\u00e9s par l\u2019Ofast de Lyon (office anti-stup\u00e9fiants) et la DCOS-42 ont \u00e9t\u00e9 mis en examen le 24 octobre au parquet de Lyon et \u00e9crou\u00e9s. Un total de 820 kilos de cannabis a \u00e9t\u00e9 saisi par la police. <\/p>\n<p>Pr\u00e8s de 580 kilos de r\u00e9sine de cannabis dans un box de la Loire <\/p>\n<p><strong>La perquisition d\u2019un box de la Loire<\/strong>, effectu\u00e9e par <strong>les enqu\u00eateurs de la DCOS-42<\/strong> a permis de d\u00e9couvrir de neuf valises marocaines et six big bags, repr\u00e9sentant un poids global d\u2019environ 478 kilos de r\u00e9sine de cannabis et d\u2019un v\u00e9hicule vol\u00e9. Par ailleurs <strong>17 000 euros ont \u00e9t\u00e9 saisi <\/strong>dans un coffre-fort situ\u00e9 dans l\u2019appartement d\u2019un trafiquant st\u00e9phanois.<\/p>\n<p>Les <strong>perquisitions<\/strong> effectu\u00e9es dans son logement et au domicile de sa m\u00e8re ont notamment amen\u00e9 \u00e0 la saisie de <strong>deux fusils d\u2019assaut<\/strong>, deux armes de poing, une centaine de munitions, un gilet pare-balle, un brouilleur d\u2019ondes huit canaux, un brouilleur ultrason, un d\u00e9tecteur de balises, un d\u00e9tecteur de cam\u00e9ras.<\/p>\n<p> Interpellation des auteurs d\u2019un go fast important des stup\u00e9fiants depuis l&rsquo;Espagne <\/p>\n<p>Fin octobre, la Police nationale annon\u00e7ait par ailleurs dans le cadre d\u2019une enqu\u00eate du <strong>parquet de Saint-\u00c9tienne <\/strong>sur le d\u00e9mant\u00e8lement d\u2019un r\u00e9seau d\u2019importateurs de stup\u00e9fiants depuis l\u2019Espagne la saisie de 450 kilos de r\u00e9sine de cannabis, la mise en examen de quatre hommes en flagrant d\u00e9lit de\u00a0go\u00a0fast\u00a0et l\u2019incarc\u00e9ration de trois d\u2019entre eux.<\/p>\n","protected":false},"excerpt":{"rendered":"\u00a9 Police nationale &#8211; Un des v\u00e9hicules ayant servi au go-fast mis en \u00e9chec par l\u2019Ofast La Police&hellip;\n","protected":false},"author":2,"featured_media":528675,"comment_status":"","ping_status":"","sticky":false,"template":"","format":"standard","meta":{"footnotes":""},"categories":[9653],"tags":[1111,11,2430,1777,674,1011,27,12,4843,25,4001,887],"class_list":{"0":"post-528674","1":"post","2":"type-post","3":"status-publish","4":"format-standard","5":"has-post-thumbnail","7":"category-saint-etienne","8":"tag-actu","9":"tag-actualites","10":"tag-auvergne-rhone-alpes","11":"tag-eu","12":"tag-europe","13":"tag-fr","14":"tag-france","15":"tag-news","16":"tag-police-nationale","17":"tag-republique-francaise","18":"tag-saint-etienne","19":"tag-trafic-de-drogue"},"share_on_mastodon":{"url":"https:\/\/pubeurope.com\/@fr\/115535130938252518","error":""},"_links":{"self":[{"href":"https:\/\/www.europesays.com\/fr\/wp-json\/wp\/v2\/posts\/528674","targetHints":{"allow":["GET"]}}],"collection":[{"href":"https:\/\/www.europesays.com\/fr\/wp-json\/wp\/v2\/posts"}],"about":[{"href":"https:\/\/www.europesays.com\/fr\/wp-json\/wp\/v2\/types\/post"}],"author":[{"embeddable":true,"href":"https:\/\/www.europesays.com\/fr\/wp-json\/wp\/v2\/users\/2"}],"replies":[{"embeddable":true,"href":"https:\/\/www.europesays.com\/fr\/wp-json\/wp\/v2\/comments?post=528674"}],"version-history":[{"count":0,"href":"https:\/\/www.europesays.com\/fr\/wp-json\/wp\/v2\/posts\/528674\/revisions"}],"wp:featuredmedia":[{"embeddable":true,"href":"https:\/\/www.europesays.com\/fr\/wp-json\/wp\/v2\/media\/528675"}],"wp:attachment":[{"href":"https:\/\/www.europesays.com\/fr\/wp-json\/wp\/v2\/media?parent=528674"}],"wp:term":[{"taxonomy":"category","embeddable":true,"href":"https:\/\/www.europesays.com\/fr\/wp-json\/wp\/v2\/categories?post=528674"},{"taxonomy":"post_tag","embeddable":true,"href":"https:\/\/www.europesays.com\/fr\/wp-json\/wp\/v2\/tags?post=528674"}],"curies":[{"name":"wp","href":"https:\/\/api.w.org\/{rel}","templated":true}]}}