{"id":528676,"date":"2025-11-12T05:42:16","date_gmt":"2025-11-12T05:42:16","guid":{"rendered":"https:\/\/www.europesays.com\/fr\/528676\/"},"modified":"2025-11-12T05:42:16","modified_gmt":"2025-11-12T05:42:16","slug":"photos-du-beton-a-la-chlorophylle-la-place-simone-veil-de-nancy-respire-a-nouveau","status":"publish","type":"post","link":"https:\/\/www.europesays.com\/fr\/528676\/","title":{"rendered":"Photos. Du b\u00e9ton \u00e0 la chlorophylle :\u00a0la place Simone-Veil de Nancy respire \u00e0 nouveau"},"content":{"rendered":"<p>Comme s&rsquo;\u00e9tait engag\u00e9e la M\u00e9tropole du Grand Nancy, le quartier de la gare et la place Simone-Veil se transforment et accueillent les passants dans en un environnement de repos et de verdure. Cette semaine, les designers et les artisans du Spationef travaillent le bois et terminent les mobiliers autour des arbres et plantes en pots d\u00e9ja install\u00e9s au centre de la place. D\u2019ici vendredi, l\u2019am\u00e9nagement sera achev\u00e9,\u00a0l\u2019installation de plantes grimpantes sur les pergolas et les grilles se fera d\u00e8s ao\u00fbt 2026 pour offrir ombre et fra\u00eecheur aux bancs. Un souffle v\u00e9g\u00e9tal bienvenu dans l\u2019agitation urbaine.<\/p>\n","protected":false},"excerpt":{"rendered":"Comme s&rsquo;\u00e9tait engag\u00e9e la M\u00e9tropole du Grand Nancy, le quartier de la gare et la place Simone-Veil se&hellip;\n","protected":false},"author":2,"featured_media":528677,"comment_status":"","ping_status":"","sticky":false,"template":"","format":"standard","meta":{"footnotes":""},"categories":[9635],"tags":[1111,11,33,1704,1777,674,107,1011,27,2798,775,1702,12,2661,25,2803],"class_list":{"0":"post-528676","1":"post","2":"type-post","3":"status-publish","4":"format-standard","5":"has-post-thumbnail","7":"category-nancy","8":"tag-actu","9":"tag-actualites","10":"tag-economie","11":"tag-edition-nancy-et-agglomeration","12":"tag-eu","13":"tag-europe","14":"tag-fil-info","15":"tag-fr","16":"tag-france","17":"tag-galerie-photo","18":"tag-grand-est","19":"tag-nancy","20":"tag-news","21":"tag-patrimoine-culturel","22":"tag-republique-francaise","23":"tag-transport"},"share_on_mastodon":{"url":"https:\/\/pubeurope.com\/@fr\/115535134280725849","error":""},"_links":{"self":[{"href":"https:\/\/www.europesays.com\/fr\/wp-json\/wp\/v2\/posts\/528676","targetHints":{"allow":["GET"]}}],"collection":[{"href":"https:\/\/www.europesays.com\/fr\/wp-json\/wp\/v2\/posts"}],"about":[{"href":"https:\/\/www.europesays.com\/fr\/wp-json\/wp\/v2\/types\/post"}],"author":[{"embeddable":true,"href":"https:\/\/www.europesays.com\/fr\/wp-json\/wp\/v2\/users\/2"}],"replies":[{"embeddable":true,"href":"https:\/\/www.europesays.com\/fr\/wp-json\/wp\/v2\/comments?post=528676"}],"version-history":[{"count":0,"href":"https:\/\/www.europesays.com\/fr\/wp-json\/wp\/v2\/posts\/528676\/revisions"}],"wp:featuredmedia":[{"embeddable":true,"href":"https:\/\/www.europesays.com\/fr\/wp-json\/wp\/v2\/media\/528677"}],"wp:attachment":[{"href":"https:\/\/www.europesays.com\/fr\/wp-json\/wp\/v2\/media?parent=528676"}],"wp:term":[{"taxonomy":"category","embeddable":true,"href":"https:\/\/www.europesays.com\/fr\/wp-json\/wp\/v2\/categories?post=528676"},{"taxonomy":"post_tag","embeddable":true,"href":"https:\/\/www.europesays.com\/fr\/wp-json\/wp\/v2\/tags?post=528676"}],"curies":[{"name":"wp","href":"https:\/\/api.w.org\/{rel}","templated":true}]}}