{"id":528714,"date":"2025-11-12T06:07:11","date_gmt":"2025-11-12T06:07:11","guid":{"rendered":"https:\/\/www.europesays.com\/fr\/528714\/"},"modified":"2025-11-12T06:07:11","modified_gmt":"2025-11-12T06:07:11","slug":"lille-grand-palais-acteur-cle-de-lattractivite-de-la-metropole","status":"publish","type":"post","link":"https:\/\/www.europesays.com\/fr\/528714\/","title":{"rendered":"Lille Grand Palais acteur cl\u00e9 de l\u2019attractivit\u00e9 de la m\u00e9tropole"},"content":{"rendered":"<p>            Par<br \/>\n        <strong><br \/>\n            <a href=\"https:\/\/actu.fr\/auteur\/amandine-vachez\" title=\"Consulter tous les articles de Amandine Vachez\" target=\"_blank\" rel=\"noopener\">Amandine Vachez<\/a><br \/>\n        <\/strong><\/p>\n<p>        Publi\u00e9 le<\/p>\n<p>            12 nov. 2025 \u00e0 6h36        <\/p>\n<p>Fin 2025, la MEL, <a href=\"https:\/\/actu.fr\/tag\/metropole-europeenne-de-lille\" target=\"_blank\" rel=\"noopener\">M\u00e9tropole europ\u00e9enne de Lille<\/a> (Nord), rejoint le capital de la SEAM, Soci\u00e9t\u00e9 anonyme d\u2019\u00e9conomie mixte, de <a href=\"https:\/\/actu.fr\/tag\/lille-grand-palais\" target=\"_blank\" rel=\"noopener\">Lille Grand Palais<\/a>. Elle devient la<b> 2e collectivit\u00e9 <\/b>\u00e0 entrer au capital, apr\u00e8s<b> <\/b>la Ville de Lille. Ensemble, elles sont <b>actionnaires \u00e0 hauteur de 73,5\u2009%.<\/b> Lors d\u2019une pr\u00e9sentation du projet lanc\u00e9 pour les cinq prochaines ann\u00e9es pour ce paquebot \u00e9v\u00e9nementiel, le <b>r\u00f4le essentiel du lieu dans l\u2019attractivit\u00e9 du territoire <\/b>a \u00e9t\u00e9 soulign\u00e9. Chiffres et \u00e9l\u00e9ments cl\u00e9s pour comprendre.<\/p>\n<p>L\u2019originalit\u00e9 de Lille Grand Palais en fait le succ\u00e8s<\/p>\n<p class=\" wall-content\">Lille Grand Palais, qui abrite \u00e0 la fois le <b>palais des congr\u00e8s<\/b>, des<b> halls d\u2019exposition <\/b>et le<b> Z\u00e9nith de Lille<\/b>, est unique en son genre en ce qu\u2019il centralise toutes ces activit\u00e9s. Il l\u2019est aussi par son emplacement\u2009: le <b>centre de Lille<\/b>, \u00e0 quelques minutes de la gare. Il est \u00e0 la fois accessible \u00e0 pied, \u00e0 v\u00e9lo, en transports et en voiture.<\/p>\n<p class=\" wall-content\">Il accueille <b>de 853\u2009000\u00a0\u00e0 855\u2009000\u00a0visiteurs<\/b> en moyenne par saison et est m\u00eame all\u00e9 <a href=\"https:\/\/actu.fr\/hauts-de-france\/lille_59350\/record-et-nouveautes-lille-grand-palais-et-le-zenith-entament-une-nouvelle-saison-prometteuse_59818915.html\" target=\"_blank\" rel=\"noopener\">jusqu\u2019\u00e0 1\u00a0million pour une ann\u00e9e record<\/a> (2022-2023), pr\u00e9cise-t-on du c\u00f4t\u00e9 de la MEL, qui a vot\u00e9 l\u2019entr\u00e9e de la collectivit\u00e9 au capital de la soci\u00e9t\u00e9 \u00e0 l\u2019unanimit\u00e9. D\u00e9but d\u00e9cembre se tiendra d\u2019ailleurs l\u2019<b>AG pour d\u00e9finir les nouveaux statuts<\/b> et \u00e9tablir qui si\u00e9gera au conseil d\u2019administration.<\/p>\n<p class=\" wall-content\">Jacques Richir, pr\u00e9sident du Grand Palais, se r\u00e9jouit de cette nouvelle, et de l\u2019arriv\u00e9e d\u2019une nouvelle direction en la personne de Caroline Souppart. Un nouveau cap est \u00e9tabli, pour le lieu qui a cr\u00e9\u00e9 deux \u00e9v\u00e9nements phares en France\u2009: Art Up\u2009!, 2e foire d\u2019art contemporain en France apr\u00e8s Paris, et la Lille Tattoo Convention, 2e plus importante de France apr\u00e8s le salon de Paris. Jacques Richir rappelle que la salle de <a href=\"https:\/\/actu.fr\/loisirs-culture\/concert\" target=\"_blank\" rel=\"noopener\">concert<\/a> attenante au palais des congr\u00e8s est \u00ab<b>\u20092e ou 3e z\u00e9nith de France<\/b>, en fonction des ann\u00e9es. L\u2019arriv\u00e9e de la MEL au capital a du sens. On est totalement au service de l\u2019attractivit\u00e9 de la MEL.\u2009\u00bb<\/p>\n<p class=\" wall-content\">Lille Grand Palais, ce sont <b>91 collaborateurs<\/b>, et une centaine de personnes qui viennent en renfort pour les \u00e9v\u00e9nements. \u00ab\u2009Ce lieu, comme il a \u00e9t\u00e9 pens\u00e9 sous Pierre Mauroy, au temps du grand Euralille, est particuli\u00e8rement pertinent\u2009\u00bb, appuie le pr\u00e9sident. \u00c0 titre indicatif, la direction indique qu\u2019environ<b> 300 \u00e9v\u00e9nements sont dans le calendrier, d\u2019ici fin juin\u00a02026<\/b>.<\/p>\n<blockquote class=\"ac-article-quote wall-content\">\n<p>\u00ab\u2009Ce qui est singulier, ici, est que nous ne sommes pas seulement un lieu d\u2019accueil. Nous proposons un service complet avec une vraie expertise \u00e0 notre client\u00e8le. Et c\u2019est ce qui participe \u00e0 notre succ\u00e8s.\u2009\u00bb<\/p>\n<p>Caroline Souppart, directrice g\u00e9n\u00e9rale de Lille Grand Palais.<\/p><\/blockquote>\n<p>Le Grand Palais li\u00e9 \u00e0 tout ce qui fait l\u2019attractivit\u00e9 du territoire<\/p>\n<p class=\" wall-content\">Le tourisme dans la MEL, c\u2019est <b>4\u00a0millions de nuit\u00e9es en 2024, plus de 3\u00a0millions en 2023, 11\u2009000 touristes par jour, 7\u2009900 \u00e9tablissements touch\u00e9s par le tourisme<\/b>, soit 79\u2009000 emplois (16\u2009% \u00e0 l\u2019\u00e9chelle de la m\u00e9tropole), cite Michel Delepaul, vice-pr\u00e9sident de la MEL en charge du tourisme, de la culture et de l\u2019attractivit\u00e9. \u00ab\u2009Nous avons trois typologies d\u2019attractivit\u00e9, sur le territoire, tous li\u00e9s \u00e0 l\u2019activit\u00e9 de Lille Grand Palais.\u2009\u00bb \u00c0 savoir\u2009: le<b> tourisme d\u2019affaires<\/b> (congr\u00e8s, salons th\u00e9matiques\u2026) repr\u00e9sentant 70\u2009% des nuit\u00e9es, le<b> tourisme d\u2019agr\u00e9ment<\/b>, boost\u00e9 par Hello Lille,<b> <\/b>et les <b>grands \u00e9v\u00e9nements<\/b>, dont l\u2019office de tourisme m\u00e9tropolitain se charge de faire le relais.<\/p>\n<p>Votre r\u00e9gion, votre actu !<\/p>\n<p>Recevez chaque jour les infos qui comptent pour vous.<\/p>\n<p>\t<a href=\"https:\/\/actu.fr\/newsletter\" class=\"ac-btn ac-btn--corner ac-btn--medium ac-btn--blue800\" target=\"_blank\" rel=\"noopener\">S&rsquo;incrire<\/a><\/p>\n<p class=\" wall-content\">\u00ab\u200939\u2009% des salons de Lille Grand Palais sont en lien avec une fili\u00e8re strat\u00e9gique de la MEL\u2009\u00bb, appuie l\u2019\u00e9lu. Et Lille Grand Palais repr\u00e9sente<b> 50\u00a0millions d\u2019euros de retomb\u00e9es \u00e9conomiques<\/b> sur la MEL, et environ 400 emplois \u00e0 temps plein, directs et indirects.<\/p>\n<p>Premier lieu visit\u00e9 de la m\u00e9tropole, devant les mus\u00e9es<\/p>\n<p class=\" wall-content\">Fait \u00e0 avoir en f\u00eate\u2009: le Grand Palais est la <b>premi\u00e8re structure visit\u00e9e de la m\u00e9tropole<\/b>, indique son pr\u00e9sident, devant le <a href=\"https:\/\/actu.fr\/tag\/palais-des-beaux-arts-de-lille\" target=\"_blank\" rel=\"noopener\">Palais des Beaux-arts<\/a> et le <a href=\"https:\/\/actu.fr\/tag\/musee-la-piscine\" target=\"_blank\" rel=\"noopener\">mus\u00e9e de La Piscine<\/a>. Et pour cause, il accueille un tr\u00e8s grand nombre d\u2019\u00e9v\u00e9nements par saison, parfois m\u00eame sur un temps record, comme <a href=\"https:\/\/actu.fr\/hauts-de-france\/lille_59350\/lille-attention-de-gros-bouchons-sont-craints-ce-samedi-dans-le-centre-ville-voici-pourquoi_63407827.html\" target=\"_blank\" rel=\"noopener\">le week-end des 8 et 9\u00a0novembre<\/a>, o\u00f9 l\u2019on peut profiter du salon Baby, du salon du mariage et du pacs, de l\u2019habitat ou encore de deux concerts de <a href=\"https:\/\/actu.fr\/hauts-de-france\/villeneuve-d-ascq_59009\/metropole-de-lille-gims-au-grand-stade-pour-sa-prochaine-tournee-la-billetterie-ouvre-bientot_63351443.html\" target=\"_blank\" rel=\"noopener\">Gims<\/a>. Cette saison 2025-2026 sera \u00ab\u2009celle de tous les records\u2009\u00bb, affirme la directrice g\u00e9n\u00e9rale. C\u00f4t\u00e9 z\u00e9nith, <b>204 s\u00e9ances sont \u00e0 l\u2019affiche\u2009!<\/b><\/p>\n<p class=\" wall-content\">Sur l\u2019ann\u00e9e 2024, le Grand Palais a enregistr\u00e9 un chiffre d\u2019affaires de <b>24\u00a0millions d\u2019euros<\/b>. L\u2019<b>objectif de 2030\u2009: atteindre les 25\u00a0millions.<\/b> Cela se fera gr\u00e2ce \u00e0 plusieurs leviers, dont l\u2019accueil et la cr\u00e9ation de nouveaux \u00e9v\u00e9nements et le d\u00e9veloppement de la partie th\u00e9\u00e2tre, dans une structure r\u00e9nov\u00e9e petit \u00e0 petit.<\/p>\n<p class=\" wall-content\">Si les sommes investies pour ce projet ne sont pas communiqu\u00e9es \u00e0 l\u2019heure actuelle car \u00ab\u2009pas chiffr\u00e9es pr\u00e9cis\u00e9ment \u00e0 ce stade\u2009\u00bb, indique la directrice g\u00e9n\u00e9rale Caroline Souppart, le <b>co\u00fbt de fonctionnement<\/b> de la soci\u00e9t\u00e9 est de<b> 5\u00a0millions d\u2019euros par an<\/b>. \u00ab\u2009C\u2019est ce que nous avons chiffr\u00e9 lors du Covid, sur la p\u00e9riode o\u00f9 aucun \u00e9v\u00e9nement n\u2019a pu \u00eatre organis\u00e9\u2009\u00bb, appuie Jacques Richir, qui rappelle que le Grand Palais, dont le b\u00e2timent est \u00e0 la Ville, est \u00ab\u2009en bonne sant\u00e9 financi\u00e8re\u2009\u00bb. Sans subventions, sans dette ni emprunt. Un lieu bien g\u00e9r\u00e9 qui \u0153uvre pour rester,<b> plus de 30\u00a0ans apr\u00e8s son ouverture<\/b>, figure de proue du dynamisme \u00e9conomique et culturel de Lille.<\/p>\n<p class=\" wall-content\">Personnalisez votre actualit\u00e9 en ajoutant vos villes et m\u00e9dias en favori avec <a href=\"https:\/\/moncompte.actu.fr\" title=\"D\u00e9couvez Mon Actu\" rel=\"nofollow noopener\" data-trk=\"{&quot;cta&quot;:{&quot;action&quot;:&quot;https:\\\/\\\/moncompte.actu.fr&quot;,&quot;category&quot;:&quot;mon compte&quot;,&quot;from&quot;:&quot;article footer&quot;,&quot;name&quot;:&quot;Mon actu&quot;,&quot;type&quot;:&quot;cta&quot;}}\" target=\"_blank\">Mon Actu<\/a>.<\/p>\n","protected":false},"excerpt":{"rendered":"Par Amandine Vachez Publi\u00e9 le 12 nov. 2025 \u00e0 6h36 Fin 2025, la MEL, M\u00e9tropole europ\u00e9enne de Lille&hellip;\n","protected":false},"author":2,"featured_media":528715,"comment_status":"","ping_status":"","sticky":false,"template":"","format":"standard","meta":{"footnotes":""},"categories":[2815],"tags":[1111,11,33,1777,674,1011,27,811,1307,11505,4863,12,25],"class_list":{"0":"post-528714","1":"post","2":"type-post","3":"status-publish","4":"format-standard","5":"has-post-thumbnail","7":"category-lille","8":"tag-actu","9":"tag-actualites","10":"tag-economie","11":"tag-eu","12":"tag-europe","13":"tag-fr","14":"tag-france","15":"tag-hauts-de-france","16":"tag-lille","17":"tag-lille-grand-palais","18":"tag-metropole-europeenne-de-lille","19":"tag-news","20":"tag-republique-francaise"},"share_on_mastodon":{"url":"","error":""},"_links":{"self":[{"href":"https:\/\/www.europesays.com\/fr\/wp-json\/wp\/v2\/posts\/528714","targetHints":{"allow":["GET"]}}],"collection":[{"href":"https:\/\/www.europesays.com\/fr\/wp-json\/wp\/v2\/posts"}],"about":[{"href":"https:\/\/www.europesays.com\/fr\/wp-json\/wp\/v2\/types\/post"}],"author":[{"embeddable":true,"href":"https:\/\/www.europesays.com\/fr\/wp-json\/wp\/v2\/users\/2"}],"replies":[{"embeddable":true,"href":"https:\/\/www.europesays.com\/fr\/wp-json\/wp\/v2\/comments?post=528714"}],"version-history":[{"count":0,"href":"https:\/\/www.europesays.com\/fr\/wp-json\/wp\/v2\/posts\/528714\/revisions"}],"wp:featuredmedia":[{"embeddable":true,"href":"https:\/\/www.europesays.com\/fr\/wp-json\/wp\/v2\/media\/528715"}],"wp:attachment":[{"href":"https:\/\/www.europesays.com\/fr\/wp-json\/wp\/v2\/media?parent=528714"}],"wp:term":[{"taxonomy":"category","embeddable":true,"href":"https:\/\/www.europesays.com\/fr\/wp-json\/wp\/v2\/categories?post=528714"},{"taxonomy":"post_tag","embeddable":true,"href":"https:\/\/www.europesays.com\/fr\/wp-json\/wp\/v2\/tags?post=528714"}],"curies":[{"name":"wp","href":"https:\/\/api.w.org\/{rel}","templated":true}]}}