{"id":528716,"date":"2025-11-12T06:08:10","date_gmt":"2025-11-12T06:08:10","guid":{"rendered":"https:\/\/www.europesays.com\/fr\/528716\/"},"modified":"2025-11-12T06:08:10","modified_gmt":"2025-11-12T06:08:10","slug":"avec-ca-se-discute-et-estelle-midi-estelle-denis-aime-quand-ca-tchatche-comme-a-marseille","status":"publish","type":"post","link":"https:\/\/www.europesays.com\/fr\/528716\/","title":{"rendered":"Avec \u00ab\u00a0\u00c7a se discute\u00a0\u00bb et \u00ab\u00a0Estelle Midi\u00a0\u00bb, Estelle Denis aime quand \u00e7a \u00ab\u00a0tchatche\u00a0\u00bb comme \u00e0 Marseille"},"content":{"rendered":"<p>\u00ab\u00a0Il y avait une envie commune entre moi et St\u00e9phane Sall\u00e9 de Chou (patron de RMC Story, ndlr) de faire revivre l&rsquo;\u00e9mission. Plus jeune, je ne regardais pas beaucoup la t\u00e9l\u00e9, mais c&rsquo;est le programme qui m&rsquo;a marqu\u00e9s, nous raconte Estelle Denis. J&rsquo;aimais l&rsquo;id\u00e9e de d\u00e9battre du sujet apr\u00e8s ou pendant. C&rsquo;est pr\u00e9cieux de pouvoir confronter les points de vue et d&rsquo;avoir le temps de le faire.\u00a0\u00bb\u00a0<\/p>\n<p>\u00ab\u00a0On m&rsquo;a dit que je ne r\u00e9ussirai pas car je parlais trop vite\u00a0\u00bb<\/p>\n<p>Apr\u00e8s un premier num\u00e9ro consacr\u00e9 aux \u00ab\u00a0disparitions\u00a0\u00bb, le th\u00e8me de ce 12 novembre concerne l&rsquo;argent. Fait-il vraiment le bonheur ? \u00ab\u00a0On a des profils diff\u00e9rents avec, par exemple, un couple qui a tout quitt\u00e9 pour aller vivre avec ses trois enfants dans la for\u00eat avec 1 000 euros par mois. \u00c0 c\u00f4t\u00e9, on a Jean-Pascal Lacoste qui raconte avoir flamb\u00e9 tout ce qu&rsquo;il a gagn\u00e9 gr\u00e2ce \u00e0 la &lsquo;Star Academy&rsquo;. Mais aussi un agent immobilier qui cherche \u00e0 toujours gagner plus et Hortense, une ch\u00e2telaine, qui se d\u00e9brouille sur les r\u00e9seaux sociaux pour financer les r\u00e9parations de son ch\u00e2teau, d\u00e9taille la journaliste. Sans oublier Bruno Hourcade, vainqueur de plus d&rsquo;un million d&rsquo;euros \u00e0 la t\u00e9l\u00e9 (dans les \u00ab\u00a0<a href=\"https:\/\/www.laprovence.com\/article\/culture-loisirs\/12301529855981\/les-12-coups-de-midi-emilien-plus-grand-gagnant-de-l-histoire-des-jeux-a-la-tele-elimine\" target=\"_blank\" rel=\"noopener\">12 coups de Midi<\/a>\u00ab\u00a0, ndlr) qui a d\u00e9cid\u00e9 de ne plus travailler apr\u00e8s avoir plac\u00e9 son argent.\u00a0\u00bb<\/p>\n<p>La version 2025 de l&rsquo;\u00e9mission reprend les codes qui en ont fait le succ\u00e8s il y a 30 ans : sur la forme, avec une pr\u00e9sentatrice debout, tablette en main, et le c\u00e9l\u00e8bre tam-tam du g\u00e9n\u00e9rique toujours pr\u00e9sent. Sur le fond avec une confrontation entre les diff\u00e9rents invit\u00e9s qui partagent leur exp\u00e9rience.<\/p>\n<p>Ce come-back, c&rsquo;est aussi un joli clin d&rsquo;\u0153il \u00e0 son histoire. \u00ab\u00a0Quand j&rsquo;\u00e9tais \u00e0 l&rsquo;\u00e9cole de journalisme, on m&rsquo;a dit que je ne r\u00e9ussirai pas, car je parlais trop vite, se souvient-elle. Je pensais \u00e0 Jean-Luc Delarue qui avait un sacr\u00e9 d\u00e9bit et qui avait pas mal r\u00e9ussi. C&rsquo;\u00e9tait ma r\u00e9f\u00e9rence\u00a0\u00bb.<\/p>\n<p>\u00ab\u00a0Je veux d\u00e9localiser une \u00e9mission \u00e0 Marseille\u00a0\u00bb<\/p>\n<p>En plus de cela, Estelle Denis est tous les jours sur <strong>RMC avec \u00ab\u00a0Estelle Midi\u00a0\u00bb<\/strong>. Un programme o\u00f9 la journaliste est plus engag\u00e9e. \u00ab\u00a0La cha\u00eene permet \u00e7a : on prend parti, r\u00e9agit-elle. Regardez <a href=\"https:\/\/www.laprovence.com\/article\/societe\/1514275161855615\/interview-de-jacques-legros-le-vaucluse-a-ete-une-periode-magique-pour-moi\" target=\"_blank\" rel=\"noopener\">Jacques Legros<\/a> qui a \u00e9t\u00e9 ultra-neutre \u00e0 la t\u00eate du JT. L\u00e0, il d\u00e9couvre un nouveau style d&rsquo;\u00e9mission : il devait \u00eatre la Suisse, d\u00e9sormais, il s&rsquo;engage de plus en plus\u00a0\u00bb.<\/p>\n<p>Du d\u00e9bat et du fait de soci\u00e9t\u00e9 comme quotidien pour celle qui a \u00e9t\u00e9 longtemps le visage f\u00e9minin du football. \u00ab\u00a0\u00c7a ne me manque pas, tranche celle qui a notamment pr\u00e9sent\u00e9 l&rsquo;\u00e9mission vedette &lsquo;100% foot&rsquo; sur M6. Je regarde des matches avec mon fils sans me dire &lsquo;quel sujet je peux faire demain\u00a0\u00bb.\u00a0<\/p>\n<p>Et lorsqu&rsquo;on \u00e9voque la Provence, ses yeux scintillent. \u00ab\u00a0Je veux d\u00e9localiser une \u00e9mission dans le sud, \u00e0 Marseille. J&rsquo;aime les gens ici : la Corniche, monter \u00e0 la Bonne M\u00e8re&#8230; \u00c7a fait touriste de dire \u00e7a, mais j&rsquo;adore la ville, je ne peux pas l&rsquo;expliquer, raconte Estelle Denis qui a d\u00e9couvert le vallon des Auffes il y a 30 ans alors qu&rsquo;elle couvrait justement la Ligue 1 pour TPS. \u00c0 Marseille, \u00e7a tchatche ! J&rsquo;ai besoin que \u00e7a tchatche !\u00a0\u00bb\u00a0<\/p>\n<p>Le rendez-vous est donc pris&#8230;<\/p>\n<p>\u00ab\u00a0\u00c7a se discute\u00a0\u00bb, mercredi 12 novembre \u00e0 21h10 sur RMC Life<\/p>\n","protected":false},"excerpt":{"rendered":"\u00ab\u00a0Il y avait une envie commune entre moi et St\u00e9phane Sall\u00e9 de Chou (patron de RMC Story, ndlr)&hellip;\n","protected":false},"author":2,"featured_media":528717,"comment_status":"","ping_status":"","sticky":false,"template":"","format":"standard","meta":{"footnotes":""},"categories":[2814],"tags":[17,1111,11,3396,1433,251,64039,64804,64805,1777,674,1011,27,884,11961,12,882,25],"class_list":{"0":"post-528716","1":"post","2":"type-post","3":"status-publish","4":"format-standard","5":"has-post-thumbnail","7":"category-marseille","8":"tag-17","9":"tag-actu","10":"tag-actualites","11":"tag-avec","12":"tag-ca","13":"tag-culture","14":"tag-denis","15":"tag-discute","16":"tag-estelle","17":"tag-eu","18":"tag-europe","19":"tag-fr","20":"tag-france","21":"tag-marseille","22":"tag-midi","23":"tag-news","24":"tag-provence-alpes-cote-dazur","25":"tag-republique-francaise"},"share_on_mastodon":{"url":"https:\/\/pubeurope.com\/@fr\/115535236574774165","error":""},"_links":{"self":[{"href":"https:\/\/www.europesays.com\/fr\/wp-json\/wp\/v2\/posts\/528716","targetHints":{"allow":["GET"]}}],"collection":[{"href":"https:\/\/www.europesays.com\/fr\/wp-json\/wp\/v2\/posts"}],"about":[{"href":"https:\/\/www.europesays.com\/fr\/wp-json\/wp\/v2\/types\/post"}],"author":[{"embeddable":true,"href":"https:\/\/www.europesays.com\/fr\/wp-json\/wp\/v2\/users\/2"}],"replies":[{"embeddable":true,"href":"https:\/\/www.europesays.com\/fr\/wp-json\/wp\/v2\/comments?post=528716"}],"version-history":[{"count":0,"href":"https:\/\/www.europesays.com\/fr\/wp-json\/wp\/v2\/posts\/528716\/revisions"}],"wp:featuredmedia":[{"embeddable":true,"href":"https:\/\/www.europesays.com\/fr\/wp-json\/wp\/v2\/media\/528717"}],"wp:attachment":[{"href":"https:\/\/www.europesays.com\/fr\/wp-json\/wp\/v2\/media?parent=528716"}],"wp:term":[{"taxonomy":"category","embeddable":true,"href":"https:\/\/www.europesays.com\/fr\/wp-json\/wp\/v2\/categories?post=528716"},{"taxonomy":"post_tag","embeddable":true,"href":"https:\/\/www.europesays.com\/fr\/wp-json\/wp\/v2\/tags?post=528716"}],"curies":[{"name":"wp","href":"https:\/\/api.w.org\/{rel}","templated":true}]}}