{"id":528718,"date":"2025-11-12T06:09:12","date_gmt":"2025-11-12T06:09:12","guid":{"rendered":"https:\/\/www.europesays.com\/fr\/528718\/"},"modified":"2025-11-12T06:09:12","modified_gmt":"2025-11-12T06:09:12","slug":"candidature-derwan-davoux-un-ex-agent-du-departement-accusateur-de-vassal","status":"publish","type":"post","link":"https:\/\/www.europesays.com\/fr\/528718\/","title":{"rendered":"candidature d&rsquo;Erwan Davoux, un ex-agent du d\u00e9partement accusateur de Vassal"},"content":{"rendered":"<p>Erwan Davoux, un ancien agent du d\u00e9partement des Bouches-du-Rh\u00f4ne \u00e0 l&rsquo;initiative d&rsquo;une plainte contre sa pr\u00e9sidente Martine Vassal (divers droite), a annonc\u00e9 mardi sur les r\u00e9seaux sociaux et dans la Provence sa candidature \u00e0 la mairie de Marseille.<\/p>\n<p>Dans un entretien \u00e0 la Provence publi\u00e9 mardi, M. Davoux a expliqu\u00e9 vouloir \u00ab\u00a0mettre fin \u00e0 un syst\u00e8me o\u00f9 les appareils politiques ont le dessus sur les citoyens\u00a0\u00bb.<\/p>\n<p>A ses c\u00f4t\u00e9s sur cette liste estampill\u00e9e \u00ab\u00a0Marseille pour tous\u00a0\u00bb: la conseill\u00e8re d\u00e9partementale Nora Preziosi, \u00e9cart\u00e9e en juin de la t\u00eate du bailleur social 13 Habitat apr\u00e8s un rapport cinglant de l&rsquo;Agence nationale de contr\u00f4le du logement social (Ancols).<\/p>\n<p>Fin janvier 2025, Erwan Davoux avait d\u00e9pos\u00e9 un signalement pour d\u00e9tournement de fonds publics, trafic d&rsquo;influence et corruption passive visant Martine Vassal, son directeur de cabinet Marc Jolibois, et une conseill\u00e8re d\u00e9partementale Anne Rudisuhli.<\/p>\n<p>Cet ancien charg\u00e9 de mission \u00e0 l&rsquo;\u00c9lys\u00e9e, pass\u00e9 par la DGSE et la r\u00e9gion Ile-de-France, a soulev\u00e9 un article 40 en d\u00e9non\u00e7ant des voyages officiels \u00ab\u00a0dispendieux\u00a0\u00bb \u00e0 l&rsquo;\u00e9tranger ou des subventions \u00ab\u00a0client\u00e9listes\u00a0\u00bb \u00e0 des associations des communaut\u00e9s juive et arm\u00e9nienne de Marseille, accusations r\u00e9v\u00e9l\u00e9es dans un premier temps par Le Nouvel Obs.<\/p>\n<p>Son mandat comme directeur des relations internationales du d\u00e9partement des Bouches-du-Rh\u00f4ne n&rsquo;a pas \u00e9t\u00e9 renouvel\u00e9.<\/p>\n<p>Martine Vassal, \u00e9galement \u00e0 la t\u00eate de la m\u00e9tropole d&rsquo;Aix-Marseille, candidate de la droite et du centre pour tenter de ravir la mairie de Marseille \u00e0 la gauche en 2026, a d\u00e9nonc\u00e9 cette affaire comme une manoeuvre politique.\u00a0Il s&rsquo;agit pour elle d'\u00a0\u00bbinfractions imaginaires\u00a0\u00bb, pr\u00e9cisant avoir refus\u00e9 de \u00ab\u00a0verser pr\u00e8s de 300.000 euros\u00a0\u00bb d&rsquo;indemnit\u00e9s \u00e0 M. Davoux.<\/p>\n<p>Le Conseil d\u00e9partemental et le Conseil repr\u00e9sentatif des institutions juives de France (Crif) ont elles d\u00e9pos\u00e9 des plaintes contre Erwan Davoux des chefs de chantage, provocation \u00e0 la haine en raison de l&rsquo;appartenance \u00e0 une race, une ethnie ou une religion.<\/p>\n<p>A la suite de ce signalement et de ces plaintes, une enqu\u00eate pr\u00e9liminaire est en cours et des perquisitions ont \u00e9t\u00e9 men\u00e9es fin septembre.<\/p>\n<p>Martine Vassal a d\u00e9j\u00e0 \u00e9t\u00e9 investie par Les R\u00e9publicains et Horizons mais pas encore officiellement par Renaissance bien qu&rsquo;elle soit soutenue par Renaud Muselier, pr\u00e9sident de la r\u00e9gion Provence-Alpes C\u00f4te d&rsquo;Azur et charg\u00e9 de l&rsquo;organisation des municipales \u00e0 Marseille par le parti macroniste.<\/p>\n<p>A gauche, le maire sortant Benoit Payan (divers gauche) n&rsquo;a pas encore officialis\u00e9 sa candidature et devrait rassembler communistes et une partie des \u00e9cologistes. La France insoumise a d\u00e9j\u00e0 manifest\u00e9 son intention de pr\u00e9senter un candidat de son c\u00f4t\u00e9.<\/p>\n<p>A l&rsquo;extr\u00eame droite, c&rsquo;est Franck Allisio (Rassemblement national) qui est candidat, avec le soutien d\u00e9sormais du s\u00e9nateur St\u00e9phane Ravier, qui avait un temps ralli\u00e9 Eric Zemmour et son parti Reconqu\u00eate.<\/p>\n<p>\u00a0<\/p>\n<p>\u00a0<\/p>\n<p>\u00a0<\/p>\n<p>\u00a9 Agence France-Presse<\/p>\n","protected":false},"excerpt":{"rendered":"Erwan Davoux, un ancien agent du d\u00e9partement des Bouches-du-Rh\u00f4ne \u00e0 l&rsquo;initiative d&rsquo;une plainte contre sa pr\u00e9sidente Martine Vassal&hellip;\n","protected":false},"author":2,"featured_media":528719,"comment_status":"","ping_status":"","sticky":false,"template":"","format":"standard","meta":{"footnotes":""},"categories":[2814],"tags":[1111,11,64806,1777,674,1011,27,884,21363,3434,12,882,25],"class_list":{"0":"post-528718","1":"post","2":"type-post","3":"status-publish","4":"format-standard","5":"has-post-thumbnail","7":"category-marseille","8":"tag-actu","9":"tag-actualites","10":"tag-erwan-davoux","11":"tag-eu","12":"tag-europe","13":"tag-fr","14":"tag-france","15":"tag-marseille","16":"tag-martine-vassal","17":"tag-municipales-2026","18":"tag-news","19":"tag-provence-alpes-cote-dazur","20":"tag-republique-francaise"},"share_on_mastodon":{"url":"https:\/\/pubeurope.com\/@fr\/115535241024503129","error":""},"_links":{"self":[{"href":"https:\/\/www.europesays.com\/fr\/wp-json\/wp\/v2\/posts\/528718","targetHints":{"allow":["GET"]}}],"collection":[{"href":"https:\/\/www.europesays.com\/fr\/wp-json\/wp\/v2\/posts"}],"about":[{"href":"https:\/\/www.europesays.com\/fr\/wp-json\/wp\/v2\/types\/post"}],"author":[{"embeddable":true,"href":"https:\/\/www.europesays.com\/fr\/wp-json\/wp\/v2\/users\/2"}],"replies":[{"embeddable":true,"href":"https:\/\/www.europesays.com\/fr\/wp-json\/wp\/v2\/comments?post=528718"}],"version-history":[{"count":0,"href":"https:\/\/www.europesays.com\/fr\/wp-json\/wp\/v2\/posts\/528718\/revisions"}],"wp:featuredmedia":[{"embeddable":true,"href":"https:\/\/www.europesays.com\/fr\/wp-json\/wp\/v2\/media\/528719"}],"wp:attachment":[{"href":"https:\/\/www.europesays.com\/fr\/wp-json\/wp\/v2\/media?parent=528718"}],"wp:term":[{"taxonomy":"category","embeddable":true,"href":"https:\/\/www.europesays.com\/fr\/wp-json\/wp\/v2\/categories?post=528718"},{"taxonomy":"post_tag","embeddable":true,"href":"https:\/\/www.europesays.com\/fr\/wp-json\/wp\/v2\/tags?post=528718"}],"curies":[{"name":"wp","href":"https:\/\/api.w.org\/{rel}","templated":true}]}}