{"id":528722,"date":"2025-11-12T06:11:17","date_gmt":"2025-11-12T06:11:17","guid":{"rendered":"https:\/\/www.europesays.com\/fr\/528722\/"},"modified":"2025-11-12T06:11:17","modified_gmt":"2025-11-12T06:11:17","slug":"pres-de-lyon-menacee-detre-rasee-la-boulangerie-paneo-est-maintenant-la-cible-des-trolls-ecolos-2","status":"publish","type":"post","link":"https:\/\/www.europesays.com\/fr\/528722\/","title":{"rendered":"Pr\u00e8s de Lyon. Menac\u00e9e d\u2019\u00eatre ras\u00e9e, la boulangerie Pan\u00e9o est maintenant la cible des trolls \u00e9colos #2 &#8211;"},"content":{"rendered":"<p>\t\t\t\t<img loading=\"lazy\" decoding=\"async\" width=\"900\" height=\"582\" src=\"data:image\/svg+xml,%3Csvg%20xmlns=\" http:=\"\" alt=\"\" title=\"01 Maison Pane\u0301o e\u0301pisode 2\" class=\"wp-image-166682\" data-lazy- data-lazy- data-lazy-src=\"https:\/\/www.europesays.com\/fr\/wp-content\/uploads\/2025\/11\/01-Maison-Pane\u0301o-e\u0301pisode-2.jpg\"\/><\/p>\n<p><strong>Texte\u00a0: Morgan Couturier \u2013<\/strong> Menac\u00e9s de disparition \u00e0 cause d\u2019une piste cyclable, les boulangers de Maison Pan\u00e9o sont d\u00e9sormais cibl\u00e9s par les trolls \u00e9cologistes qui ont sorti l\u2019artillerie lourde pour les d\u00e9cr\u00e9dibiliser.<\/p>\n<p>Depuis trois ans, ils vivent avec le couperet BHNS au-dessus de leur fournil. <a href=\"https:\/\/www.lyonpeople.com\/actualites-lyon\/pres-de-lyon-leur-boulangerie-va-etre-rasee-pour-une-piste-cyclable-2025-10-08.html\" target=\"_blank\" rel=\"noopener\"><strong>Notre article consacr\u00e9 \u00e0 cette pers\u00e9cution quotidienne<\/strong><\/a> a r\u00e9uni plus de 60 000 lecteurs qui, dans leur grande majorit\u00e9, ont compris la d\u00e9tresse de ces artisans dont l\u2019outil de travail est menac\u00e9. Mais pas seulement. Tous les m\u00e9dias lyonnais ont suivi. Derri\u00e8re leurs \u00e9crans, les \u00e9colos ont compris le danger et d\u00e9cid\u00e9 de contre-attaquer.<\/p>\n<p>\u00c9paul\u00e9s par un vid\u00e9aste parisien, les trolls pro-v\u00e9lo accusent les boulangers de constructions ill\u00e9gales. S\u2019ils avouent une non-conformit\u00e9, les artisans se disent flou\u00e9s et r\u00e9futent l\u2019id\u00e9e d\u2019agissements malhonn\u00eates. Ces derniers accusent la M\u00e9tropole de Lyon et le Sytral de manipuler cette fausse information pour retourner l\u2019opinion publique.<\/p>\n<p><strong>Une extension ill\u00e9gale\u00a0? Les propri\u00e9taires assurent le contraire<\/strong><\/p>\n<p>Les boulangers ont d\u00e9cider de faire preuve de transparence et avouent une erreur. Ou plut\u00f4t une non-conformit\u00e9. \u00ab\u00a0On a d\u00e9pos\u00e9 un permis de construire pour l\u2019extension. Notre erreur, c\u2019est que l\u2019on aurait d\u00fb avoir l\u2019accord de la copropri\u00e9t\u00e9 en parall\u00e8le. C\u2019est notre talon d\u2019Achille et ils se sont servis de cela\u00a0\u00bb, poursuivent les Brondillants.<\/p>\n<p>Une \u00e9tourderie qu\u2019ils imputent \u00e0 leur inexp\u00e9rience au moment de l\u2019achat. Et \u00e0 un manque de communication. \u00ab\u00a0On a achet\u00e9 aux ench\u00e8res sur internet. C\u2019\u00e9tait fastidieux et un monde que l\u2019on ne connaissait pas. On \u00e9tait des d\u00e9butants. Jusqu\u2019alors on avait toujours \u00e9t\u00e9 locataire. La grosse erreur que l\u2019on a faite, c\u2019est qu\u2019on n\u2019a pas pris notre propre notaire. Celui du vendeur ne nous a pas expliqu\u00e9 que le parking \u00e9tait en jouissance exclusive\u00a0\u00bb.<\/p>\n<p>\u00ab\u00a0Pour nous, on \u00e9tait propri\u00e9taire de tout. On n\u2019a jamais pay\u00e9 de charges de copropri\u00e9t\u00e9. Il n\u2019y avait aucun signe qui montrait que l\u2019on \u00e9tait en copropri\u00e9t\u00e9. On n\u2019avait m\u00eame pas le m\u00eame num\u00e9ro. Nous sommes au 276 alors que la copropri\u00e9t\u00e9 est au 272. Nous n\u2019avons su qu\u2019en 2023 que nous faisions partie de cette copropri\u00e9t\u00e9 alors que l\u2019on est install\u00e9 depuis 2015. \u00c0 aucun moment nous avions envie de se f\u00e2cher avec elle\u00a0\u00bb, assure Abdelkader Harbaoui.<\/p>\n<p><img loading=\"lazy\" decoding=\"async\" aria-describedby=\"caption-attachment-166683\" class=\"wp-image-166683 size-full\" src=\"data:image\/svg+xml,%3Csvg%20xmlns=\" http:=\"\" alt=\"\" width=\"900\" height=\"602\" data-lazy- data-lazy- data-lazy-src=\"https:\/\/www.europesays.com\/fr\/wp-content\/uploads\/2025\/11\/05-Maison-Pane\u0301o-e\u0301pisode-2.jpg\"\/><\/p>\n<p id=\"caption-attachment-166683\" class=\"wp-caption-text\">La copropri\u00e9t\u00e9 du 272 route de Genas. Au premier plan, le local qui fait d\u00e9bat<\/p>\n<p>Mais qu\u2019\u00e0 cela ne tienne, contrairement \u00e0 ce qu\u2019ont pu \u00e9crire certains de nos confr\u00e8res, la Maison Pan\u00e9o estime que les relations sont rest\u00e9es cordiales. Sur 50 copropri\u00e9taires, deux seulement posent probl\u00e8me \u00e0 leurs yeux. Un \u00e9cologiste averti et un salari\u00e9 de la mairie de Villeurbanne (\u00e9colo-socialiste), d\u00e9l\u00e9gu\u00e9 aux espaces verts. Hasard\u00a0!<\/p>\n<p>\u00ab\u00a0Il nous a aid\u00e9s \u00e0 mettre la cl\u00f4ture. Il avait son caf\u00e9 gratuit. On lui a offert et amen\u00e9 des plats lorsqu\u2019il \u00e9tait en arr\u00eat. On ne comprend pas\u00a0\u00bb, regrettent les artisans, au sujet de ce revirement soudain. Surtout, ces derniers sont cat\u00e9goriques\u00a0: les copropri\u00e9taires \u00e9taient au courant de cette non-conformit\u00e9 depuis 2022. La m\u00e9diatisation soudaine du conflit avec la M\u00e9tropole de Lyon et le Sytral semble donc avoir d\u00e9li\u00e9 quelques langues.<\/p>\n<p><strong>Avec l\u2019aval des copropri\u00e9taires, la Mairie de Bron pourrait r\u00e9gulariser la situation<\/strong><\/p>\n<p>Pourtant, la situation pourrait vite \u00e9voluer. Si lors de la prochaine assembl\u00e9e g\u00e9n\u00e9rale, pr\u00e9vue en mars prochain ou lors d\u2019une assembl\u00e9e extraordinaire, la Maison Pan\u00e9o obtient l\u2019aval de la majorit\u00e9 des copropri\u00e9taires, le dossier figurerait rapidement sur le bureau de la mairie de Bron, pr\u00eate \u00e0 l\u00e9galiser ces constructions.<\/p>\n<p><img loading=\"lazy\" decoding=\"async\" aria-describedby=\"caption-attachment-166684\" class=\" wp-image-166684\" src=\"data:image\/svg+xml,%3Csvg%20xmlns=\" http:=\"\" alt=\"\" width=\"699\" height=\"554\" data-lazy- data-lazy- data-lazy-src=\"https:\/\/www.europesays.com\/fr\/wp-content\/uploads\/2025\/11\/Boulangerie-Paneo-Jeremie-Breaud.jpg\"\/><\/p>\n<p id=\"caption-attachment-166684\" class=\"wp-caption-text\">Le maire de Bron J\u00e9r\u00e9mie Breaud et V\u00e9ronique Sarselli sont venus soutenir le boulanger<\/p>\n<p>\u00ab\u00a0On donne \u00e9norm\u00e9ment \u00e0 notre entreprise. On travaille sept jours sur sept. \u00c7a passe par du sacrifice, mais c\u2019est du temps en moins que nous avons pour nous consacrer \u00e0 la d\u00e9fense de notre boulangerie. En face, ils savent que l\u2019on a la t\u00eate ailleurs et que c\u2019est un monde \u00e9tranger pour nous\u00a0\u00bb, ponctuent les deux fr\u00e8res.<\/p>\n<p>En effet, m\u00eame une r\u00e9gularisation ne pourrait pas emp\u00eacher les \u00e9cologistes d\u2019avancer dans leur entreprise de destruction. Le ch\u00e8que \u00e0 verser serait certainement plus cons\u00e9quent. Au point de dissuader les Verts\u00a0? Rien n\u2019est certain. Entre-temps, la Maison Pan\u00e9o a le m\u00e9rite de r\u00e9cup\u00e9rer son honneur. Et de mettre fin aux fausses accusations.<\/p>\n<p><strong>Les boulangers n\u2019ont pas l\u2019intention de se laisser rouler dans la farine<\/strong><\/p>\n<p>Route de Genas, l\u2019ambiance n\u2019est pas \u00e0 la f\u00eate, en d\u00e9pit d\u2019une fr\u00e9quentation toujours importante. \u00ab\u00a0Entre 500 et 600 clients par jour en moyenne\u00a0\u00bb, l\u00e2che d\u2019ailleurs l\u2019un des propri\u00e9taires, <strong>Abdelkader Harbaoui<\/strong>, tiraill\u00e9 entre l\u2019exasp\u00e9ration et l\u2019envie de se d\u00e9fendre. Jusqu\u2019au bout. \u00ab On ne pr\u00e9f\u00e8re pas penser au pire \u00bb, avoue-t-il, alors que la juge des expropriations (ci-dessous) doit rendre son verdict le 15 d\u00e9cembre prochain.<\/p>\n<p><img loading=\"lazy\" decoding=\"async\" class=\"alignnone size-full wp-image-166688\" src=\"data:image\/svg+xml,%3Csvg%20xmlns=\" http:=\"\" alt=\"\" width=\"900\" height=\"634\" data-lazy- data-lazy- data-lazy-src=\"https:\/\/www.europesays.com\/fr\/wp-content\/uploads\/2025\/11\/05-juge-boulangerie-paneo.jpg\"\/><\/p>\n<p>90% de leurs clients viennent en voiture. Pour l\u2019heure, malgr\u00e9 un chiffre d\u2019affaires de pr\u00e8s d\u20191,2 million d\u2019euros, la M\u00e9tropole de Lyon ne leur propose que 60 000\u20ac (desquels elle d\u00e9duit les frais d\u2019\u00e9tude, ndlr). Un montant d\u00e9risoire, que les \u00e9cologistes estiment \u00e9quivalent au co\u00fbt engendr\u00e9 par la d\u00e9molition de 40% de la boulangerie.<\/p>\n<p>Une enveloppe ridicule pour les fr\u00e8res Harbaoui, bien d\u00e9termin\u00e9s \u00e0 rester sur place, en d\u00e9pit de quelques recherches parall\u00e8les. \u00ab\u00a0On a visit\u00e9 des locaux. Mais on n\u2019a pas trouv\u00e9 mieux. Ou alors \u00e0 des prix exorbitants\u00a0\u00bb, explique Abdelkader Harbaoui. Avant de poursuivre\u00a0: \u00ab\u00a0Ils ne prennent pas en compte le licenciement des salari\u00e9s et les pertes d\u2019exploitation\u00a0\u00bb.<\/p>\n<p><strong>\u00ab\u00a0Le bus actuel, tu le vois passer, il n\u2019est jamais rempli\u00a0\u00bb<\/strong><\/p>\n<p>\u00ab\u00a0La route de Genas est une art\u00e8re principale qu\u2019ils veulent transformer en voie communale. \u00c0 50 m\u00e8tres, il y a des rues o\u00f9 \u00e7a ne circule jamais et o\u00f9 \u00e7a ne poserait pas de probl\u00e8me de mettre la piste cyclable\u00a0\u00bb, glisse-t-il encore, ce dernier assurant que le bus actuel, le C25, n\u2019est jamais plein.<\/p>\n<p>Il faut dire qu\u2019avec sa proximit\u00e9 avec le p\u00e9riph\u00e9rique, la route de Genas est surtout tr\u00e8s appr\u00e9ci\u00e9e des automobilistes. \u00c0 commencer par les Brondillants et Villeurbannais, qui ont trouv\u00e9 l\u00e0, une v\u00e9ritable oasis. \u00ab\u00a0Avant nous, c\u2019\u00e9tait un lieu de squats. On \u00e9tait attendu. Quand on s\u2019est install\u00e9 en 2025, on nous a dit merci pour le quartier. Les papis et les mamies \u00e9taient tout contents\u00a0\u00bb, r\u00e9v\u00e8lent les artisans.<\/p>\n","protected":false},"excerpt":{"rendered":"Texte\u00a0: Morgan Couturier \u2013 Menac\u00e9s de disparition \u00e0 cause d\u2019une piste cyclable, les boulangers de Maison Pan\u00e9o sont&hellip;\n","protected":false},"author":2,"featured_media":528723,"comment_status":"","ping_status":"","sticky":false,"template":"","format":"standard","meta":{"footnotes":""},"categories":[1889],"tags":[4257,1111,11,2430,64807,1777,674,1011,27,2428,12,25],"class_list":{"0":"post-528722","1":"post","2":"type-post","3":"status-publish","4":"format-standard","5":"has-post-thumbnail","7":"category-lyon","8":"tag-0top","9":"tag-actu","10":"tag-actualites","11":"tag-auvergne-rhone-alpes","12":"tag-boulangerie-paneo","13":"tag-eu","14":"tag-europe","15":"tag-fr","16":"tag-france","17":"tag-lyon","18":"tag-news","19":"tag-republique-francaise"},"share_on_mastodon":{"url":"https:\/\/pubeurope.com\/@fr\/115535248262019549","error":""},"_links":{"self":[{"href":"https:\/\/www.europesays.com\/fr\/wp-json\/wp\/v2\/posts\/528722","targetHints":{"allow":["GET"]}}],"collection":[{"href":"https:\/\/www.europesays.com\/fr\/wp-json\/wp\/v2\/posts"}],"about":[{"href":"https:\/\/www.europesays.com\/fr\/wp-json\/wp\/v2\/types\/post"}],"author":[{"embeddable":true,"href":"https:\/\/www.europesays.com\/fr\/wp-json\/wp\/v2\/users\/2"}],"replies":[{"embeddable":true,"href":"https:\/\/www.europesays.com\/fr\/wp-json\/wp\/v2\/comments?post=528722"}],"version-history":[{"count":0,"href":"https:\/\/www.europesays.com\/fr\/wp-json\/wp\/v2\/posts\/528722\/revisions"}],"wp:featuredmedia":[{"embeddable":true,"href":"https:\/\/www.europesays.com\/fr\/wp-json\/wp\/v2\/media\/528723"}],"wp:attachment":[{"href":"https:\/\/www.europesays.com\/fr\/wp-json\/wp\/v2\/media?parent=528722"}],"wp:term":[{"taxonomy":"category","embeddable":true,"href":"https:\/\/www.europesays.com\/fr\/wp-json\/wp\/v2\/categories?post=528722"},{"taxonomy":"post_tag","embeddable":true,"href":"https:\/\/www.europesays.com\/fr\/wp-json\/wp\/v2\/tags?post=528722"}],"curies":[{"name":"wp","href":"https:\/\/api.w.org\/{rel}","templated":true}]}}