{"id":528732,"date":"2025-11-12T06:18:20","date_gmt":"2025-11-12T06:18:20","guid":{"rendered":"https:\/\/www.europesays.com\/fr\/528732\/"},"modified":"2025-11-12T06:18:20","modified_gmt":"2025-11-12T06:18:20","slug":"larmee-ukrainienne-fait-etat-dune-nette-deterioration-de-la-situation-dans-loblast-de-zaporijia","status":"publish","type":"post","link":"https:\/\/www.europesays.com\/fr\/528732\/","title":{"rendered":"l\u2019arm\u00e9e ukrainienne fait \u00e9tat d\u2019une nette d\u00e9t\u00e9rioration de la situation dans l\u2019oblast de Zaporijia"},"content":{"rendered":"<p>   Moscou affirme avoir d\u00e9jou\u00e9 une op\u00e9ration visant \u00e0 d\u00e9tourner un MiG-31 \u00e9quip\u00e9 d\u2019un missile Kinjal             <\/p>\n<p class=\"post__live-container--answer-text post__space-node\">Le service f\u00e9d\u00e9ral de s\u00e9curit\u00e9 russe (FSB) affirme, mardi, avoir mis \u00ab\u00a0fin \u00e0 l\u2019op\u00e9ration des services de renseignement du minist\u00e8re ukrainien de la d\u00e9fense et de ses tuteurs britanniques visant \u00e0 d\u00e9tourner vers l\u2019\u00e9tranger un avion de chasse MiG-31 des forces arm\u00e9es russes, porteur du missile hypersonique <a href=\"https:\/\/www.lemonde.fr\/international\/article\/2023\/05\/12\/guerre-en-ukraine-que-sait-on-du-missile-hypersonique-russe-que-les-ukrainiens-disent-avoir-abattu_6173084_3210.html\" rel=\"nofollow noopener\" target=\"_blank\">Kinjal<\/a>\u00a0\u00bb. Le FSB accuse ainsi les services de renseignement ukrainiens d\u2019avoir tent\u00e9 de recruter des pilotes pour cette op\u00e9ration en leur proposant 3\u00a0millions de dollars.<\/p>\n<p class=\"post__live-container--answer-text post__space-node\">Selon le FSB, l\u2019avion aurait d\u00fb ensuite \u00eatre achemin\u00e9 vers la base a\u00e9rienne militaire de l\u2019OTAN de Constanta, en Roumanie, situ\u00e9e sur les bords de la mer Noire, \u00e0 400\u00a0kilom\u00e8tres \u00e0 vol d\u2019oiseau de la p\u00e9ninsule de Crim\u00e9e, annex\u00e9e par Moscou en\u00a02014. L\u00e0-bas, l\u2019appareil aurait pu \u00eatre \u00ab\u00a0abattu\u00a0\u00bb par les syst\u00e8mes de d\u00e9fense antia\u00e9rienne, a encore expliqu\u00e9 le FSB. \u00ab\u00a0Ces projets ukrainien et britannique d\u2019organiser une provocation d\u2019ampleur ont \u00e9t\u00e9 d\u00e9jou\u00e9s\u00a0\u00bb, gr\u00e2ce \u00e0 l\u2019un des pilotes de l\u2019avion, qui a pr\u00e9venu les forces de l\u2019ordre, selon la m\u00eame source.<\/p>\n<p class=\"post__live-container--answer-text post__space-node\">Dans une vid\u00e9o du <a href=\"https:\/\/t.me\/tass_agency\/347861\" target=\"_blank\" rel=\"noopener nofollow\" title=\"Nouvelle fen\u00eatre\">FSB diffus\u00e9e par les m\u00e9dias russes<\/a>, cette personne, dont le visage est dissimul\u00e9, affirme s\u2019\u00eatre vu proposer, dans un courriel, par le renseignement ukrainien de \u00ab\u00a0tuer\u00a0\u00bb le commandant de l\u2019avion avant de d\u00e9tourner l\u2019appareil, en \u00e9change de 3\u00a0millions de dollars et de l\u2019obtention de \u00ab\u00a0la nationalit\u00e9 d\u2019un pays occidental\u00a0\u00bb, sans pr\u00e9ciser lequel. En \u00ab\u00a0riposte \u00e0 cette provocation\u00a0\u00bb, les forces russes ont effectu\u00e9 une frappe au moyen de missiles Kinjal contre un centre de renseignement \u00e9lectronique de l\u2019arm\u00e9e ukrainienne \u00e0 Brovary, dans la r\u00e9gion de Kiev, et une base a\u00e9rienne de Starokostiantyniv, dans la r\u00e9gion de Khmelnytsky, selon le FSB.<\/p>\n<p class=\"post__live-container--answer-text post__space-node\">\u00ab\u00a0La diffusion de telles accusations mensong\u00e8res est une tactique typique des services de renseignement russes\u00a0\u00bb, a r\u00e9agi le <a href=\"https:\/\/t.me\/CenterCounteringDisinformation\/16186\" target=\"_blank\" rel=\"noopener nofollow\" title=\"Nouvelle fen\u00eatre\">Centre de lutte contre la d\u00e9sinformation ukrainien<\/a>, un organe du Conseil de s\u00e9curit\u00e9 nationale et de d\u00e9fense de l\u2019Ukraine, sur les r\u00e9seaux sociaux.<\/p>\n<p class=\"post__live-container--answer-text post__space-node\">Le porte-parole du minist\u00e8re des affaires \u00e9trang\u00e8res roumain, Andrei Tarnea, a qualifi\u00e9 ces accusations d\u2019\u00ab\u00a0invent\u00e9es\u00a0\u00bb et les a compar\u00e9es \u00e0 un \u00ab\u00a0roman d\u2019espionnage sovi\u00e9tique\u00a0\u00bb, dans un message publi\u00e9 mardi sur la plateforme X. \u00ab\u00a0Ce qui est r\u00e9el, en revanche, c\u2019est l\u2019agression et les provocations russes, que ces histoires sur les avions et les espions tentent de dissimuler\u00a0\u00bb, a-t-il ajout\u00e9.<\/p>\n","protected":false},"excerpt":{"rendered":"Moscou affirme avoir d\u00e9jou\u00e9 une op\u00e9ration visant \u00e0 d\u00e9tourner un MiG-31 \u00e9quip\u00e9 d\u2019un missile Kinjal Le service f\u00e9d\u00e9ral&hellip;\n","protected":false},"author":2,"featured_media":528733,"comment_status":"","ping_status":"","sticky":false,"template":"","format":"standard","meta":{"footnotes":""},"categories":[1591],"tags":[11,1887,12,1885,1886,132],"class_list":{"0":"post-528732","1":"post","2":"type-post","3":"status-publish","4":"format-standard","5":"has-post-thumbnail","7":"category-russie","8":"tag-actualites","9":"tag-federation-de-russie","10":"tag-news","11":"tag-russia","12":"tag-russian-federation","13":"tag-russie"},"share_on_mastodon":{"url":"https:\/\/pubeurope.com\/@fr\/115535276001745392","error":""},"_links":{"self":[{"href":"https:\/\/www.europesays.com\/fr\/wp-json\/wp\/v2\/posts\/528732","targetHints":{"allow":["GET"]}}],"collection":[{"href":"https:\/\/www.europesays.com\/fr\/wp-json\/wp\/v2\/posts"}],"about":[{"href":"https:\/\/www.europesays.com\/fr\/wp-json\/wp\/v2\/types\/post"}],"author":[{"embeddable":true,"href":"https:\/\/www.europesays.com\/fr\/wp-json\/wp\/v2\/users\/2"}],"replies":[{"embeddable":true,"href":"https:\/\/www.europesays.com\/fr\/wp-json\/wp\/v2\/comments?post=528732"}],"version-history":[{"count":0,"href":"https:\/\/www.europesays.com\/fr\/wp-json\/wp\/v2\/posts\/528732\/revisions"}],"wp:featuredmedia":[{"embeddable":true,"href":"https:\/\/www.europesays.com\/fr\/wp-json\/wp\/v2\/media\/528733"}],"wp:attachment":[{"href":"https:\/\/www.europesays.com\/fr\/wp-json\/wp\/v2\/media?parent=528732"}],"wp:term":[{"taxonomy":"category","embeddable":true,"href":"https:\/\/www.europesays.com\/fr\/wp-json\/wp\/v2\/categories?post=528732"},{"taxonomy":"post_tag","embeddable":true,"href":"https:\/\/www.europesays.com\/fr\/wp-json\/wp\/v2\/tags?post=528732"}],"curies":[{"name":"wp","href":"https:\/\/api.w.org\/{rel}","templated":true}]}}