{"id":528738,"date":"2025-11-12T06:21:14","date_gmt":"2025-11-12T06:21:14","guid":{"rendered":"https:\/\/www.europesays.com\/fr\/528738\/"},"modified":"2025-11-12T06:21:14","modified_gmt":"2025-11-12T06:21:14","slug":"rwe-depasse-les-attentes-grace-a-la-vente-dun-centre-de-donnees-au-royaume-uni","status":"publish","type":"post","link":"https:\/\/www.europesays.com\/fr\/528738\/","title":{"rendered":"RWE d\u00e9passe les attentes gr\u00e2ce \u00e0 la vente d&rsquo;un centre de donn\u00e9es au Royaume-Uni"},"content":{"rendered":"<p>RWE, premier producteur d&rsquo;\u00e9lectricit\u00e9 d&rsquo;Allemagne, a annonc\u00e9 des b\u00e9n\u00e9fices sup\u00e9rieurs aux pr\u00e9visions pour les neuf premiers mois de l&rsquo;ann\u00e9e, port\u00e9s par un gain comptable de 225 millions d&rsquo;euros (262 millions de dollars) li\u00e9 \u00e0 la cession d&rsquo;un projet de centre de donn\u00e9es \u00e0 un important fournisseur de services cloud.<\/p>\n<p>\nLe r\u00e9sultat d&rsquo;exploitation ajust\u00e9 avant int\u00e9r\u00eats, imp\u00f4ts, d\u00e9pr\u00e9ciation et amortissement (EBITDA) sur neuf mois a recul\u00e9 de 13\u00a0% pour s&rsquo;\u00e9tablir \u00e0 3,48 milliards d&rsquo;euros (4,06 milliards de dollars), a indiqu\u00e9 RWE, d\u00e9passant la pr\u00e9vision moyenne de 3,14 milliards d&rsquo;euros issue d&rsquo;un sondage r\u00e9alis\u00e9 par la soci\u00e9t\u00e9.<\/p>\n<p>\nCe r\u00e9sultat s&rsquo;explique principalement par la vente du projet de centre de donn\u00e9es, situ\u00e9 sur le site d&rsquo;une ancienne centrale \u00e0 charbon au Royaume-Uni, \u00e0 un hyperscaler, a pr\u00e9cis\u00e9 RWE.<\/p>\n<p>\nLe terme \u00ab\u00a0hyperscaler\u00a0\u00bb d\u00e9signe g\u00e9n\u00e9ralement de grands fournisseurs de services cloud tels qu&rsquo;Amazon, Microsoft ou Google.<\/p>\n<p>\n\u00ab\u00a0L&rsquo;essor de l&rsquo;intelligence artificielle stimule la demande mondiale en \u00e9lectricit\u00e9 et, par cons\u00e9quent, la demande en \u00e9nergies renouvelables\u00a0\u00bb, a d\u00e9clar\u00e9 Michael Mueller, directeur financier de RWE.<\/p>\n<p>\n\u00ab\u00a0Ce sont de bonnes perspectives pour notre activit\u00e9.\u00a0\u00bb<\/p>\n<p>\n(1\u00a0dollar\u00a0= 0,8575\u00a0euros)<\/p>\n","protected":false},"excerpt":{"rendered":"RWE, premier producteur d&rsquo;\u00e9lectricit\u00e9 d&rsquo;Allemagne, a annonc\u00e9 des b\u00e9n\u00e9fices sup\u00e9rieurs aux pr\u00e9visions pour les neuf premiers mois de&hellip;\n","protected":false},"author":2,"featured_media":528739,"comment_status":"","ping_status":"","sticky":false,"template":"","format":"standard","meta":{"footnotes":""},"categories":[1588],"tags":[11,340,1777,674,12,473,1853,1851,1850,1852],"class_list":{"0":"post-528738","1":"post","2":"type-post","3":"status-publish","4":"format-standard","5":"has-post-thumbnail","7":"category-royaume-uni","8":"tag-actualites","9":"tag-bourse","10":"tag-eu","11":"tag-europe","12":"tag-news","13":"tag-royaume-uni","14":"tag-royaume-uni-de-grande-bretagne-et-dirlande-du-nord","15":"tag-uk","16":"tag-united-kingdom","17":"tag-united-kingdom-of-great-britain-and-northern-ireland"},"share_on_mastodon":{"url":"https:\/\/pubeurope.com\/@fr\/115535288091054567","error":""},"_links":{"self":[{"href":"https:\/\/www.europesays.com\/fr\/wp-json\/wp\/v2\/posts\/528738","targetHints":{"allow":["GET"]}}],"collection":[{"href":"https:\/\/www.europesays.com\/fr\/wp-json\/wp\/v2\/posts"}],"about":[{"href":"https:\/\/www.europesays.com\/fr\/wp-json\/wp\/v2\/types\/post"}],"author":[{"embeddable":true,"href":"https:\/\/www.europesays.com\/fr\/wp-json\/wp\/v2\/users\/2"}],"replies":[{"embeddable":true,"href":"https:\/\/www.europesays.com\/fr\/wp-json\/wp\/v2\/comments?post=528738"}],"version-history":[{"count":0,"href":"https:\/\/www.europesays.com\/fr\/wp-json\/wp\/v2\/posts\/528738\/revisions"}],"wp:featuredmedia":[{"embeddable":true,"href":"https:\/\/www.europesays.com\/fr\/wp-json\/wp\/v2\/media\/528739"}],"wp:attachment":[{"href":"https:\/\/www.europesays.com\/fr\/wp-json\/wp\/v2\/media?parent=528738"}],"wp:term":[{"taxonomy":"category","embeddable":true,"href":"https:\/\/www.europesays.com\/fr\/wp-json\/wp\/v2\/categories?post=528738"},{"taxonomy":"post_tag","embeddable":true,"href":"https:\/\/www.europesays.com\/fr\/wp-json\/wp\/v2\/tags?post=528738"}],"curies":[{"name":"wp","href":"https:\/\/api.w.org\/{rel}","templated":true}]}}