{"id":528741,"date":"2025-11-12T06:23:14","date_gmt":"2025-11-12T06:23:14","guid":{"rendered":"https:\/\/www.europesays.com\/fr\/528741\/"},"modified":"2025-11-12T06:23:14","modified_gmt":"2025-11-12T06:23:14","slug":"mardi-soir-dans-the-ring-qui-doit-payer-pour-la-defense-et-la-securite-de-leurope","status":"publish","type":"post","link":"https:\/\/www.europesays.com\/fr\/528741\/","title":{"rendered":"Mardi soir dans The Ring : Qui doit payer pour la d\u00e9fense et la s\u00e9curit\u00e9 de l&rsquo;Europe\u00a0?"},"content":{"rendered":"<p>\n         Publi\u00e9 le<br \/>\n            12\/11\/2025 &#8211; 7:19 UTC+1\n            <\/p>\n<p>Depuis la guerre d&rsquo;agression \u00e0 grande \u00e9chelle men\u00e9e par la Russie contre l&rsquo;Ukraine, l&rsquo;UE et ses \u00c9tats membres s&rsquo;engagent dans le plus grand effort de r\u00e9armement depuis les ann\u00e9es 1950. Selon une \u00e9tude r\u00e9cente, pr\u00e8s de <a href=\"https:\/\/fr.euronews.com\/my-europe\/2025\/09\/03\/une-enquete-revele-que-la-defense-et-la-securite-sont-considerees-comme-des-priorites-abso\" rel=\"nofollow noopener\" target=\"_blank\">8 Europ\u00e9ens sur 10 sont pr\u00e9occup\u00e9s par la d\u00e9fense et la s\u00e9curit\u00e9 de l&rsquo;UE <\/a>au cours des cinq prochaines ann\u00e9es, mais sont-ils pr\u00eats \u00e0 payer pour cela ?<\/p>\n<p>Ce mardi soir, sur <a href=\"https:\/\/fr.euronews.com\/my-europe\/nos-magazines-europeens\/the-ring\" rel=\"nofollow noopener\" target=\"_blank\">The Ring<\/a>, la toute nouvelle \u00e9mission de d\u00e9bat d&rsquo;Euronews, nous demanderons aux eurod\u00e9put\u00e9s Martin Schirdewan (Gauche) et Riho Terras (Parti populaire europ\u00e9en), ancien g\u00e9n\u00e9ral de l&rsquo;arm\u00e9e estonienne, ce que cet investissement dans la D\u00e9fense signifiera pour les Europ\u00e9ens. Depuis le Parlement europ\u00e9en, nous vous donnerons un aper\u00e7u des d\u00e9bats qui se d\u00e9roulent \u00e0 Strasbourg et \u00e0 Bruxelles.<\/p>\n<p>Les budgets de d\u00e9fense augmentent, les usines d&rsquo;armement rouvrent et la Commission europ\u00e9enne plaide pour que les pays de l&rsquo;UE ach\u00e8tent davantage d&rsquo;armes europ\u00e9ennes ensemble et r\u00e9duisent ainsi leur d\u00e9pendance \u00e0 l&rsquo;\u00e9gard des \u00c9tats-Unis.<\/p>\n<p>L&rsquo;UE doit-elle d\u00e9velopper sa propre strat\u00e9gie de dissuasion nucl\u00e9aire ? L&rsquo;UE pourra-t-elle un jour \u00eatre une v\u00e9ritable puissance militaire ? Les guerres futures seront-elles gagn\u00e9es avec des drones et non des chars d&rsquo;assaut ? Voici quelques-unes des questions que nous explorerons ce soir.<\/p>\n<p>Vous pouvez regarder <a href=\"https:\/\/fr.euronews.com\/my-europe\/nos-magazines-europeens\/the-ring\" rel=\"nofollow noopener\" target=\"_blank\">The Ring sur Euronews ce soir \u00e0 20h30<\/a>. Connectez-vous !<\/p>\n","protected":false},"excerpt":{"rendered":"Publi\u00e9 le 12\/11\/2025 &#8211; 7:19 UTC+1 Depuis la guerre d&rsquo;agression \u00e0 grande \u00e9chelle men\u00e9e par la Russie contre&hellip;\n","protected":false},"author":2,"featured_media":528742,"comment_status":"","ping_status":"","sticky":false,"template":"","format":"standard","meta":{"footnotes":""},"categories":[1586],"tags":[11,1777,674,1011,27,131,26990,12,136,25],"class_list":{"0":"post-528741","1":"post","2":"type-post","3":"status-publish","4":"format-standard","5":"has-post-thumbnail","7":"category-europe","8":"tag-actualites","9":"tag-eu","10":"tag-europe","11":"tag-fr","12":"tag-france","13":"tag-guerre-en-ukraine","14":"tag-industrie-de-larmement","15":"tag-news","16":"tag-otan","17":"tag-republique-francaise"},"share_on_mastodon":{"url":"https:\/\/pubeurope.com\/@fr\/115535295687650314","error":""},"_links":{"self":[{"href":"https:\/\/www.europesays.com\/fr\/wp-json\/wp\/v2\/posts\/528741","targetHints":{"allow":["GET"]}}],"collection":[{"href":"https:\/\/www.europesays.com\/fr\/wp-json\/wp\/v2\/posts"}],"about":[{"href":"https:\/\/www.europesays.com\/fr\/wp-json\/wp\/v2\/types\/post"}],"author":[{"embeddable":true,"href":"https:\/\/www.europesays.com\/fr\/wp-json\/wp\/v2\/users\/2"}],"replies":[{"embeddable":true,"href":"https:\/\/www.europesays.com\/fr\/wp-json\/wp\/v2\/comments?post=528741"}],"version-history":[{"count":0,"href":"https:\/\/www.europesays.com\/fr\/wp-json\/wp\/v2\/posts\/528741\/revisions"}],"wp:featuredmedia":[{"embeddable":true,"href":"https:\/\/www.europesays.com\/fr\/wp-json\/wp\/v2\/media\/528742"}],"wp:attachment":[{"href":"https:\/\/www.europesays.com\/fr\/wp-json\/wp\/v2\/media?parent=528741"}],"wp:term":[{"taxonomy":"category","embeddable":true,"href":"https:\/\/www.europesays.com\/fr\/wp-json\/wp\/v2\/categories?post=528741"},{"taxonomy":"post_tag","embeddable":true,"href":"https:\/\/www.europesays.com\/fr\/wp-json\/wp\/v2\/tags?post=528741"}],"curies":[{"name":"wp","href":"https:\/\/api.w.org\/{rel}","templated":true}]}}