{"id":528743,"date":"2025-11-12T06:24:18","date_gmt":"2025-11-12T06:24:18","guid":{"rendered":"https:\/\/www.europesays.com\/fr\/528743\/"},"modified":"2025-11-12T06:24:18","modified_gmt":"2025-11-12T06:24:18","slug":"pourquoi-le-projet-de-von-der-leyen-suscite-la-controverse","status":"publish","type":"post","link":"https:\/\/www.europesays.com\/fr\/528743\/","title":{"rendered":"pourquoi le projet de von der Leyen suscite la controverse"},"content":{"rendered":"<p>Sous pression du Parlement europ\u00e9en, Ursula von der Leyen a d\u00fb faire des concessions. La pr\u00e9sidente de la Commission europ\u00e9enne a propos\u00e9 lundi une s\u00e9rie d&rsquo;accommodements en faveur de l&rsquo;agriculture, dans le cadre des n\u00e9gociations sur le projet de budget pluriannuel de l\u2019Union europ\u00e9enne pour 2028-2034.<\/p>\n<p>Concr\u00e8tement, la cheffe des Vingt-Sept propose de \u00ab\u00a0garantir le r\u00f4le des r\u00e9gions, renforcer l&rsquo;identit\u00e9 de la politique agricole commune (PAC) et am\u00e9liorer la gouvernance\u00a0\u00bb, a-t-elle d\u00e9clar\u00e9 <a href=\"https:\/\/x.com\/vonderleyen\/status\/1987854755368976734\" target=\"_blank\">sur le r\u00e9seau social X<\/a>. Elle se dit \u00e9galement favorable \u00e0 ce qu\u2019au moins 10 % des fonds g\u00e9r\u00e9s par les \u00c9tats membres soient fl\u00e9ch\u00e9s vers le d\u00e9veloppement rural, d\u00e9taille-t-elle dans une lettre datant de dimanche, consult\u00e9e par <a href=\"https:\/\/euractiv.fr\/news\/budget-de-lue-ursula-von-der-leyen-fait-des-concessions-au-parlement\/\" target=\"_blank\" rel=\"noopener\">le m\u00e9dia Euractiv<\/a>.<\/p>\n<p><strong>Un budget qui fait d\u00e9bat<\/strong>&#13;\n<\/p>\n<p>Ce r\u00e9trop\u00e9dalage n\u2019est pas vraiment une surprise. Des propositions de modification du projet de budget \u00e9taient en effet attendues depuis mercredi dernier, quand le commissaire europ\u00e9en au budget, Piotr Serafin, avait reconnu\u00a0la n\u00e9cessit\u00e9 de \u00ab r\u00e9fl\u00e9chir \u00e0 des modifications juridiques \u00bb du texte, apr\u00e8s une r\u00e9union avec les principaux eurod\u00e9put\u00e9s, comme l&rsquo;indiquait <a href=\"https:\/\/www.politico.eu\/article\/european-commission-european-parliament-piotr-serafin-budget-proposa\/\" target=\"_blank\" rel=\"noopener\">le m\u00e9dia <\/a><a href=\"https:\/\/www.politico.eu\/article\/european-commission-european-parliament-piotr-serafin-budget-proposa\/\" target=\"_blank\" rel=\"noopener\">Politico<\/a>.<\/p>\n<p>Il faut dire que, depuis sa pr\u00e9sentation en juillet, le projet de budget \u2013 colossale enveloppe de quelque 2 000 milliards d\u2019euros fixant le cap des priorit\u00e9s politico-\u00e9conomiques du bloc europ\u00e9en \u2013 ne fait pas l\u2019unanimit\u00e9. Parmi les points de tension, la refonte de la PAC, le m\u00e9canisme qui sert notamment \u00e0 verser des aides directes aux agriculteurs. Bruxelles veut l\u2019int\u00e9grer \u00e0 un grand fonds de \u00ab\u00a0partenariat r\u00e9gional et national\u00a0\u00bb, o\u00f9 il serait fusionn\u00e9 avec des subventions agricoles et r\u00e9gionales. Le processus d\u2019allocation de ces ressources serait en outre n\u00e9goci\u00e9 entre la Commission europ\u00e9enne et les \u00c9tats membres, excluant de fait les r\u00e9gions et le Parlement europ\u00e9en.<\/p>\n<p>De nombreux eurod\u00e9put\u00e9s, mais aussi des agriculteurs et plusieurs pays, dont la France, y voient une r\u00e9duction du budget de la PAC, sachant qu\u2019il est d\u00e9j\u00e0 pr\u00e9vu qu\u2019il soit r\u00e9duit \u2013 passant de 387 milliards d\u2019euros sur la p\u00e9riode 2021-2027 \u00e0 300 milliards entre 2028 et 2034. Ils fustigent \u00e9galement la reprise en main d\u2019une partie de ces fonds par les \u00c9tats.<\/p>\n<p><strong>Menace de rejet<\/strong>&#13;\n<\/p>\n<p>Les eurod\u00e9put\u00e9s de quatre groupes dits pro-europ\u00e9ens se sont m\u00eame lanc\u00e9s dans une campagne pour faire plier Bruxelles. Le Parti populaire europ\u00e9en (PPE) de centre-droit, le groupe de centre-gauche Socialistes et D\u00e9mocrates (S&amp;D), le groupe lib\u00e9ral Renew Europe et les Verts ont ainsi r\u00e9cemment menac\u00e9 la Commission europ\u00e9enne de pr\u00e9senter une r\u00e9solution rejetant la partie du budget relative \u00e0 ce sujet controvers\u00e9. \u00ab\u00a0Cela bloquerait les n\u00e9gociations avec les gouvernements de l\u2019UE, qui examinent actuellement la proposition de la Commission\u00a0\u00bb, pr\u00e9venait la semaine derni\u00e8re <a href=\"https:\/\/euractiv.fr\/news\/la-commission-envisage-de-modifier-sa-proposition-de-budget-2028-2034-pour-eviter-un-rejet-du-parlement\/\" target=\"_blank\" rel=\"noopener\">Euractiv<\/a>.<\/p>\n<p>Le temps presse pour Ursula von der Leyen : la pl\u00e9ni\u00e8re du Parlement europ\u00e9en d\u00e9bute ce mercredi 12 novembre. Ce geste suffira-t-il pour sauver son budget ? Difficile \u00e0 dire pour l\u2019heure. Ursula von der Leyen a en tout cas jou\u00e9 le tout pour le tout, rencontrant son homologue au Parlement ce lundi. \u00c0 la sortie de cette r\u00e9union formelle, Roberta Metsola a salu\u00e9 une \u00ab\u00a0discussion constructive\u00a0\u00bb et un \u00ab\u00a0pas en avant\u00a0\u00bb de la dirigeante de l\u2019ex\u00e9cutif europ\u00e9en.<\/p>\n<p>Un avis que ne partage pas le think tank Farm Europe, qui regroupe plusieurs syndicats agricoles.. Ce groupe de r\u00e9flexion a d\u00e9plor\u00e9 des \u00ab concessions minimales \u00bb sans \u00ab aucune modification formelle \u00bb. \u00ab\u00a0Cette suggestion ne r\u00e9sout en rien l&rsquo;\u00e9quation budg\u00e9taire pour les mesures fondamentales de la PAC\u00a0\u00bb, estime-t-il.<\/p>\n<p><strong>Von der Leyen l\u00e2ch\u00e9e par ses alli\u00e9s<\/strong>&#13;\n<\/p>\n<p>Si les d\u00e9bats et tensions politiques sont l\u00e9gion dans les p\u00e9riodes, comme actuellement, o\u00f9 un projet de budget est n\u00e9goci\u00e9, Ursula von der Leyen est cette fois mise en difficult\u00e9 par les eurod\u00e9put\u00e9s de son propre camp. La dirigeante est en effet issue du PPE, parti qui forme, avec S&amp;D et Renew, la coalition qui la soutient.<\/p>\n<p>Les eurod\u00e9put\u00e9s s\u2019affichent m\u00e9contents depuis la pr\u00e9sentation du projet de budget en juillet, estimant avoir \u00e9t\u00e9 tenus \u00e0 l&rsquo;\u00e9cart de la conception du texte. Une fronde que la dirigeante de l\u2019ex\u00e9cutif europ\u00e9en a tout int\u00e9r\u00eat \u00e0 calmer, d\u2019autres partis r\u00eavant de la faire tomber \u2013 elle a \u00e9chapp\u00e9 en octobre \u00e0 <a href=\"https:\/\/www.latribune.fr\/article\/la-tribune-dimanche\/politique\/20601404287809\/motion-de-censure-contre-ursula-von-der-leyen-le-vote-tabou-de-bellamy-au-parlement-europeen\" target=\"_blank\" rel=\"noopener\">deux motions de censure,<\/a>\u00a0\u00e0 une large majorit\u00e9 cependant.<\/p>\n<p>Ces trois premiers mois de n\u00e9gociations autour du budget donnent en tout cas un aper\u00e7u de ce que pourraient \u00eatre les prochains. Une version finale du texte n\u2019est pas attendue avant d\u00e9but 2027, ce qui laisse le temps \u00e0 de nouveaux rebondissements.<\/p>\n","protected":false},"excerpt":{"rendered":"Sous pression du Parlement europ\u00e9en, Ursula von der Leyen a d\u00fb faire des concessions. La pr\u00e9sidente de la&hellip;\n","protected":false},"author":2,"featured_media":528744,"comment_status":"","ping_status":"","sticky":false,"template":"","format":"standard","meta":{"footnotes":""},"categories":[1586],"tags":[17,11,1003,13255,8160,33,1777,674,1779,13378,1011,27,8161,12,1095,25,11478,1778,364,8159],"class_list":{"0":"post-528743","1":"post","2":"type-post","3":"status-publish","4":"format-standard","5":"has-post-thumbnail","7":"category-europe","8":"tag-17","9":"tag-actualites","10":"tag-budget","11":"tag-controverse","12":"tag-der","13":"tag-economie","14":"tag-eu","15":"tag-europe","16":"tag-european-union","17":"tag-europeen","18":"tag-fr","19":"tag-france","20":"tag-leyen","21":"tag-news","22":"tag-projet","23":"tag-republique-francaise","24":"tag-suscite","25":"tag-ue","26":"tag-union-europeenne","27":"tag-von"},"share_on_mastodon":{"url":"https:\/\/pubeurope.com\/@fr\/115535299520726957","error":""},"_links":{"self":[{"href":"https:\/\/www.europesays.com\/fr\/wp-json\/wp\/v2\/posts\/528743","targetHints":{"allow":["GET"]}}],"collection":[{"href":"https:\/\/www.europesays.com\/fr\/wp-json\/wp\/v2\/posts"}],"about":[{"href":"https:\/\/www.europesays.com\/fr\/wp-json\/wp\/v2\/types\/post"}],"author":[{"embeddable":true,"href":"https:\/\/www.europesays.com\/fr\/wp-json\/wp\/v2\/users\/2"}],"replies":[{"embeddable":true,"href":"https:\/\/www.europesays.com\/fr\/wp-json\/wp\/v2\/comments?post=528743"}],"version-history":[{"count":0,"href":"https:\/\/www.europesays.com\/fr\/wp-json\/wp\/v2\/posts\/528743\/revisions"}],"wp:featuredmedia":[{"embeddable":true,"href":"https:\/\/www.europesays.com\/fr\/wp-json\/wp\/v2\/media\/528744"}],"wp:attachment":[{"href":"https:\/\/www.europesays.com\/fr\/wp-json\/wp\/v2\/media?parent=528743"}],"wp:term":[{"taxonomy":"category","embeddable":true,"href":"https:\/\/www.europesays.com\/fr\/wp-json\/wp\/v2\/categories?post=528743"},{"taxonomy":"post_tag","embeddable":true,"href":"https:\/\/www.europesays.com\/fr\/wp-json\/wp\/v2\/tags?post=528743"}],"curies":[{"name":"wp","href":"https:\/\/api.w.org\/{rel}","templated":true}]}}