{"id":528747,"date":"2025-11-12T06:26:14","date_gmt":"2025-11-12T06:26:14","guid":{"rendered":"https:\/\/www.europesays.com\/fr\/528747\/"},"modified":"2025-11-12T06:26:14","modified_gmt":"2025-11-12T06:26:14","slug":"radio-france-recadre-une-journaliste-apres-une-interview-de-manuel-bompard","status":"publish","type":"post","link":"https:\/\/www.europesays.com\/fr\/528747\/","title":{"rendered":"Radio France recadre une journaliste apr\u00e8s une interview de Manuel Bompard"},"content":{"rendered":"<p>Radio France a tenu mardi \u00e0 se d\u00e9solidariser d\u2019Alix Bouilhaguet. Le groupe a en effet publi\u00e9 un message corrigeant des propos tenus par cette journaliste de France T\u00e9l\u00e9visions au sujet <a href=\"https:\/\/www.20minutes.fr\/monde\/etats-unis\/4183663-20251105-etats-unis-socialiste-mamdani-elu-maire-new-york-gros-revers-trump\" target=\"_blank\" class=\"c-link c-link--is-underlined\" rel=\"noopener\">du maire \u00e9lu de New York<\/a>, lors d\u2019une interview dimanche du coordinateur <a href=\"https:\/\/www.20minutes.fr\/politique\/4184539-20251109-faut-faire-tomber-gouvernement-lfi-compte-deposer-nouvelle-motion-censure-debut-decembre\" target=\"_blank\" class=\"c-link c-link--is-underlined\" rel=\"noopener\">de LFI Manuel Bompard<\/a> diffus\u00e9e sur France Inter et la cha\u00eene France Info.<\/p>\n<p>\u00ab\u00a0Lors de (l\u2019\u00e9mission) \u00ab\u00a0Questions Politiques\u00a0\u00bb, dont le d\u00e9put\u00e9 Manuel Bompard \u00e9tait l\u2019invit\u00e9, des questions d\u2019Alix Bouilhaguet sur Zohran Mamdani ont suscit\u00e9 des interrogations de nos auditeurs. Radio France et France T\u00e9l\u00e9visions y r\u00e9pondent\u00a0\u00bb, indique le groupe dans un message publi\u00e9 sur X et sur le site de l\u2019\u00e9mission.<\/p>\n<p>Un recadrage sign\u00e9 Radio France et France TV<\/p>\n<p>Dans ce message, sign\u00e9 Radio France et France T\u00e9l\u00e9visions, les deux m\u00e9dias d\u00e9mentent et pr\u00e9cisent plusieurs affirmations de la journaliste au sujet du nouveau maire de New York, \u00e9lu le 4\u00a0novembre, en particulier concernant sa position vis-\u00e0-vis d\u2019<a href=\"https:\/\/www.20minutes.fr\/monde\/4185013-20251111-gaza-promesse-elections-colonisation-comite-conjoint-resume-rencontre-macron-abbas\" target=\"_blank\" class=\"c-link c-link--is-underlined\" rel=\"noopener\">Isra\u00ebl et de Gaza<\/a>. Les deux groupes reprennent notamment l\u2019une des phrases prononc\u00e9es par Alix Bouilhaguet pendant l\u2019\u00e9mission, indiquant au sujet de Zohran Mamdani \u00ab\u00a0quand on lui demande de condamner le 7\u00a0octobre, bien souvent il botte en touche, il r\u00e9p\u00e8te que le probl\u00e8me, c\u2019est l\u2019occupation d\u2019Isra\u00ebl.\u00a0\u00bb<\/p>\n<\/p>\n<p>Dans son message, Radio France indique qu&rsquo;\u00ab\u00a0on ne peut pas dire qu\u2019il \u00ab\u00a0botte en touche\u00a0\u00bb. On ne peut pas dire qu\u2019il n\u2019a pas condamn\u00e9 le 7\u00a0octobre, car d\u00e8s\u00a02023 il a d\u00e9nonc\u00e9 des \u00ab\u00a0crimes de guerre\u00a0\u00bb. Il d\u00e9non\u00e7ait encore le 7\u00a0octobre 2025 des \u00ab\u00a0crimes de guerre horribles\u00a0\u00bb.\u00a0\u00bb<\/p>\n<p>LFI se tourne vers l\u2019Arcom<\/p>\n<p>Apr\u00e8s l\u2019\u00e9mission, diffus\u00e9e en direct, LFI avait indiqu\u00e9 lundi saisir l\u2019Arcom, le r\u00e9gulateur de l\u2019audiovisuel. \u00ab\u00a0A plusieurs reprises au cours de cet entretien, la journaliste a tenu des affirmations factuellement fausses\u00a0\u00bb, avait ainsi \u00e9crit le parti politique dans une lettre publique.<\/p>\n<p><a href=\"https:\/\/www.20minutes.fr\/monde\/conflit_israelo-palestinien\/\" target=\"_blank\" class=\"c-link c-btn c-btn--primary\" rel=\"noopener\">Notre dossier sur le Conflit isra\u00e9lo-palestinien<\/a><\/p>\n<p>En r\u00e9ponse au message de Radio France et de France T\u00e9l\u00e9visions, Manuel Bompard a estim\u00e9 mardi sur X que \u00ab\u00a0France Inter et France T\u00e9l\u00e9visions reconnaissent donc que les questions pos\u00e9es \u00e9taient mensong\u00e8res\u00a0\u00bb. \u00ab\u00a0Mais (ils) n\u2019annoncent aucune d\u00e9cision concr\u00e8te face \u00e0 cette d\u00e9sinformation manifeste\u00a0\u00bb. A voir donc si l\u2019Arcom sera toujours saisie.<\/p>\n","protected":false},"excerpt":{"rendered":"Radio France a tenu mardi \u00e0 se d\u00e9solidariser d\u2019Alix Bouilhaguet. Le groupe a en effet publi\u00e9 un message&hellip;\n","protected":false},"author":2,"featured_media":528748,"comment_status":"","ping_status":"","sticky":false,"template":"","format":"standard","meta":{"footnotes":""},"categories":[2],"tags":[47,11,46891,3259,1011,27,665,664,1023,17852,415,12,316,10316,25,133],"class_list":{"0":"post-528747","1":"post","2":"type-post","3":"status-publish","4":"format-standard","5":"has-post-thumbnail","7":"category-actualites","8":"tag-actualite","9":"tag-actualites","10":"tag-arcom-ex-csa","11":"tag-conflit-israelo-palestinien","12":"tag-fr","13":"tag-france","14":"tag-gaza","15":"tag-israel","16":"tag-la-france-insoumise-lfi","17":"tag-manuel-bompard","18":"tag-new-york","19":"tag-news","20":"tag-politique","21":"tag-radio-france","22":"tag-republique-francaise","23":"tag-video"},"share_on_mastodon":{"url":"https:\/\/pubeurope.com\/@fr\/115535307330483271","error":""},"_links":{"self":[{"href":"https:\/\/www.europesays.com\/fr\/wp-json\/wp\/v2\/posts\/528747","targetHints":{"allow":["GET"]}}],"collection":[{"href":"https:\/\/www.europesays.com\/fr\/wp-json\/wp\/v2\/posts"}],"about":[{"href":"https:\/\/www.europesays.com\/fr\/wp-json\/wp\/v2\/types\/post"}],"author":[{"embeddable":true,"href":"https:\/\/www.europesays.com\/fr\/wp-json\/wp\/v2\/users\/2"}],"replies":[{"embeddable":true,"href":"https:\/\/www.europesays.com\/fr\/wp-json\/wp\/v2\/comments?post=528747"}],"version-history":[{"count":0,"href":"https:\/\/www.europesays.com\/fr\/wp-json\/wp\/v2\/posts\/528747\/revisions"}],"wp:featuredmedia":[{"embeddable":true,"href":"https:\/\/www.europesays.com\/fr\/wp-json\/wp\/v2\/media\/528748"}],"wp:attachment":[{"href":"https:\/\/www.europesays.com\/fr\/wp-json\/wp\/v2\/media?parent=528747"}],"wp:term":[{"taxonomy":"category","embeddable":true,"href":"https:\/\/www.europesays.com\/fr\/wp-json\/wp\/v2\/categories?post=528747"},{"taxonomy":"post_tag","embeddable":true,"href":"https:\/\/www.europesays.com\/fr\/wp-json\/wp\/v2\/tags?post=528747"}],"curies":[{"name":"wp","href":"https:\/\/api.w.org\/{rel}","templated":true}]}}