{"id":528753,"date":"2025-11-12T06:31:17","date_gmt":"2025-11-12T06:31:17","guid":{"rendered":"https:\/\/www.europesays.com\/fr\/528753\/"},"modified":"2025-11-12T06:31:17","modified_gmt":"2025-11-12T06:31:17","slug":"petchey-et-courier-comprennent-labsence-de-djokovic-au-masters","status":"publish","type":"post","link":"https:\/\/www.europesays.com\/fr\/528753\/","title":{"rendered":"Petchey et Courier comprennent l&rsquo;absence de Djokovic au Masters"},"content":{"rendered":"<p>                <img decoding=\"async\" src=\"https:\/\/www.europesays.com\/fr\/wp-content\/uploads\/2025\/11\/BesX.jpg\" fetchpriority=\"high\" alt=\"Petchey et Courier comprennent l'absence de Djokovic au Masters\"\/><\/p>\n<p><strong>La d\u00e9cision de Novak Djokovic de faire l\u2019impasse sur les ATP Finals 2025 fait couler beaucoup d\u2019encre.<\/strong><\/p>\n<p>Alors que certains fans crient au scandale, Mark Petchey et Jim Courier s\u2019\u00e9l\u00e8vent en d\u00e9fenseurs du Serbe, mettant en lumi\u00e8re des raisons physiques et strat\u00e9giques.<\/p>\n<p>En effet, pour Petchey, ancien entra\u00eeneur d\u2019Emma Raducanu, il n\u2019y a aucune controverse. \u00ab Oui, aucun probl\u00e8me du tout. Il a tout donn\u00e9 \u00e0 ce sport. S\u2019il en ressent le besoin, c\u2019est une pause cruciale pour lui \u00bb, a-t-il affirm\u00e9 sur Tennis Channel, insistant sur le fait que la pause permettra \u00e0 Djokovic de r\u00e9cup\u00e9rer avant l\u2019Open d\u2019Australie, d\u00e9cal\u00e9 cette ann\u00e9e d\u2019une semaine.<\/p>\n<p>De son c\u00f4t\u00e9, Courier insiste aussi sur la complexit\u00e9 des coulisses : blessures, responsabilit\u00e9s familiales et calendrier serr\u00e9 : \u00ab Nous ignorons beaucoup de facteurs. Mais ce qui est s\u00fbr, c&rsquo;est que Djokovic a m\u00e9rit\u00e9 sa place dans le tournoi, mais \u00e9galement le droit de se retirer quand il le souhaite. \u00bb<\/p>\n","protected":false},"excerpt":{"rendered":"La d\u00e9cision de Novak Djokovic de faire l\u2019impasse sur les ATP Finals 2025 fait couler beaucoup d\u2019encre. Alors&hellip;\n","protected":false},"author":2,"featured_media":528754,"comment_status":"","ping_status":"","sticky":false,"template":"","format":"standard","meta":{"footnotes":""},"categories":[1415],"tags":[1011,27,60,1467],"class_list":{"0":"post-528753","1":"post","2":"type-post","3":"status-publish","4":"format-standard","5":"has-post-thumbnail","7":"category-tennis","8":"tag-fr","9":"tag-france","10":"tag-sports","11":"tag-tennis"},"share_on_mastodon":{"url":"https:\/\/pubeurope.com\/@fr\/115535327709181515","error":""},"_links":{"self":[{"href":"https:\/\/www.europesays.com\/fr\/wp-json\/wp\/v2\/posts\/528753","targetHints":{"allow":["GET"]}}],"collection":[{"href":"https:\/\/www.europesays.com\/fr\/wp-json\/wp\/v2\/posts"}],"about":[{"href":"https:\/\/www.europesays.com\/fr\/wp-json\/wp\/v2\/types\/post"}],"author":[{"embeddable":true,"href":"https:\/\/www.europesays.com\/fr\/wp-json\/wp\/v2\/users\/2"}],"replies":[{"embeddable":true,"href":"https:\/\/www.europesays.com\/fr\/wp-json\/wp\/v2\/comments?post=528753"}],"version-history":[{"count":0,"href":"https:\/\/www.europesays.com\/fr\/wp-json\/wp\/v2\/posts\/528753\/revisions"}],"wp:featuredmedia":[{"embeddable":true,"href":"https:\/\/www.europesays.com\/fr\/wp-json\/wp\/v2\/media\/528754"}],"wp:attachment":[{"href":"https:\/\/www.europesays.com\/fr\/wp-json\/wp\/v2\/media?parent=528753"}],"wp:term":[{"taxonomy":"category","embeddable":true,"href":"https:\/\/www.europesays.com\/fr\/wp-json\/wp\/v2\/categories?post=528753"},{"taxonomy":"post_tag","embeddable":true,"href":"https:\/\/www.europesays.com\/fr\/wp-json\/wp\/v2\/tags?post=528753"}],"curies":[{"name":"wp","href":"https:\/\/api.w.org\/{rel}","templated":true}]}}