{"id":528760,"date":"2025-11-12T06:38:25","date_gmt":"2025-11-12T06:38:25","guid":{"rendered":"https:\/\/www.europesays.com\/fr\/528760\/"},"modified":"2025-11-12T06:38:25","modified_gmt":"2025-11-12T06:38:25","slug":"une-sculpture-en-hommage-aux-victimes-des-attentats-du-13-novembre-a-cormery","status":"publish","type":"post","link":"https:\/\/www.europesays.com\/fr\/528760\/","title":{"rendered":"Une sculpture en hommage aux victimes des attentats du 13 Novembre \u00e0 Cormery"},"content":{"rendered":"<p>Depuis la rue, on entend le bruit pointu du m\u00e9tal sur lequel on frappe. Ce son s\u2019\u00e9chappe de l\u2019atelier de Juan Carlos Alvarez Flores, \u00e0 Cormery. L\u2019artiste chilien r\u00e9alise la sculpture \u00c9l\u00e9vation, une commande de la mairie de Cormery pour honorer la m\u00e9moire de ceux qui ont \u00e9t\u00e9 tu\u00e9s lors des attentats du 13 novembre 2015. \u00ab D\u2019habitude, je fais peu de travail de commande \u00bb, confie le sculpteur. Mais cette commande-l\u00e0, il l\u2019a accept\u00e9e pour deux raisons : le th\u00e8me et en souvenir du maire&#8230; <\/p>\n<p>    Cet article a \u00e9t\u00e9 tronqu\u00e9. Abonnez-vous pour lire l&rsquo;article complet sur notre site.<\/p>\n<p style=\"margin: 0 !important; padding: 0 !important; font-size: 12px !important;\">Cet article a \u00e9t\u00e9 tronqu\u00e9. Abonnez-vous pour lire l&rsquo;article complet.<\/p>\n<p>    <a href=\"https:\/\/www.lanouvellerepublique.fr\/abonnements\" style=\"display: inline-block; margin-top: 5px !important; padding: 6px 12px !important; background: #cb1c27; color: white; text-decoration: none; border-radius: 4px; font-size: 12px !important;\" target=\"_blank\" rel=\"noopener\"><br \/>\n      S&rsquo;abonner<br \/>\n    <\/a><\/p>\n","protected":false},"excerpt":{"rendered":"Depuis la rue, on entend le bruit pointu du m\u00e9tal sur lequel on frappe. Ce son s\u2019\u00e9chappe de&hellip;\n","protected":false},"author":2,"featured_media":528761,"comment_status":"","ping_status":"","sticky":false,"template":"","format":"standard","meta":{"footnotes":""},"categories":[1358],"tags":[1392,1348,1384,1385,64808,1386,58,59,1349,1011,27,1387,1254],"class_list":{"0":"post-528760","1":"post","2":"type-post","3":"status-publish","4":"format-standard","5":"has-post-thumbnail","7":"category-arts-et-design","8":"tag-a-la-une-local","9":"tag-arts","10":"tag-arts-and-design","11":"tag-arts-et-design","12":"tag-cormery","13":"tag-design","14":"tag-divertissement","15":"tag-entertainment","16":"tag-expositions","17":"tag-fr","18":"tag-france","19":"tag-indre-et-loire","20":"tag-terrorisme"},"share_on_mastodon":{"url":"https:\/\/pubeurope.com\/@fr\/115535354456564849","error":""},"_links":{"self":[{"href":"https:\/\/www.europesays.com\/fr\/wp-json\/wp\/v2\/posts\/528760","targetHints":{"allow":["GET"]}}],"collection":[{"href":"https:\/\/www.europesays.com\/fr\/wp-json\/wp\/v2\/posts"}],"about":[{"href":"https:\/\/www.europesays.com\/fr\/wp-json\/wp\/v2\/types\/post"}],"author":[{"embeddable":true,"href":"https:\/\/www.europesays.com\/fr\/wp-json\/wp\/v2\/users\/2"}],"replies":[{"embeddable":true,"href":"https:\/\/www.europesays.com\/fr\/wp-json\/wp\/v2\/comments?post=528760"}],"version-history":[{"count":0,"href":"https:\/\/www.europesays.com\/fr\/wp-json\/wp\/v2\/posts\/528760\/revisions"}],"wp:featuredmedia":[{"embeddable":true,"href":"https:\/\/www.europesays.com\/fr\/wp-json\/wp\/v2\/media\/528761"}],"wp:attachment":[{"href":"https:\/\/www.europesays.com\/fr\/wp-json\/wp\/v2\/media?parent=528760"}],"wp:term":[{"taxonomy":"category","embeddable":true,"href":"https:\/\/www.europesays.com\/fr\/wp-json\/wp\/v2\/categories?post=528760"},{"taxonomy":"post_tag","embeddable":true,"href":"https:\/\/www.europesays.com\/fr\/wp-json\/wp\/v2\/tags?post=528760"}],"curies":[{"name":"wp","href":"https:\/\/api.w.org\/{rel}","templated":true}]}}