{"id":528766,"date":"2025-11-12T06:42:21","date_gmt":"2025-11-12T06:42:21","guid":{"rendered":"https:\/\/www.europesays.com\/fr\/528766\/"},"modified":"2025-11-12T06:42:21","modified_gmt":"2025-11-12T06:42:21","slug":"le-gang-des-amazones-de-melissa-drigeard-un-film-de-braquage-au-feminin-un-peu-bancal-mais-pas-banal-telerama","status":"publish","type":"post","link":"https:\/\/www.europesays.com\/fr\/528766\/","title":{"rendered":"\u201cLe Gang des amazones\u201d, de Melissa Drigeard : un film de braquage au f\u00e9minin un peu bancal mais pas banal &#8211; T\u00e9l\u00e9rama"},"content":{"rendered":"<ol>\n<li><a href=\"https:\/\/news.google.com\/rss\/articles\/CBMi4AFBVV95cUxQdFRWMTBoazU0UmhjVlk5SXpTWTJaaldWZzctX1VEMHFzUVk1eDBhaXdUaHkyOW5LNjdtUzVTcHY3NEF2TFBRZVNUOTZKbUFTQXUtaDZycFZiNEhKWUtBT1pNWFZZMTVVNGNqTE1EcmlYWFUwc2x5V1k4MElEUnMtUERON3RydkQ4QW5vMjBkWFZ6V3h2b0tNY21VUVRGT05sSFZ5NmdVQm5rVV9ORDJ0V0dadFJwZ1VNVFBQX2MwcDd3b3U1Q2hZYTd6M3hrUkgxSmh1TmptdGZERWdDN2FqaQ?oc=5\" target=\"_blank\" rel=\"noopener\">\u201cLe Gang des amazones\u201d, de Melissa Drigeard : un film de braquage au f\u00e9minin un peu bancal mais pas banal<\/a>&nbsp;&nbsp;T\u00e9l\u00e9rama<\/li>\n<li><a href=\"https:\/\/news.google.com\/rss\/articles\/CBMi5AFBVV95cUxOclVMSktPck93Y2dvR25Jdm5VS29PRzJSSmFVTEhNbVp1dE8zamdyRllzMThYTTVmZzRteU5OeHVBRUJKMGJNblRySTBmcHd0Q0ppN2pyOEJ0Xy1yUDBWMExHc0d3QmNral9YUVdXa0xBd3M0V3ptZnZWYkJaeG5sc2lDR29sN01JWWlBZ2lKZnpPN1ZWa2w2NEFMREtMZTVfbW1VemtPY191R09Za3l2MHp6Rk4ybDBOMDBpZXMta0lZcm9KUWJUSGs0MTEtME1kNGNoSERLVGUybmlxdU1pNk52dHk?oc=5\" target=\"_blank\" rel=\"noopener\">Dans ce polar, Lyna Khoudri r\u00e9veille le souvenir oubli\u00e9 d\u2019un gang de braqueuses hors pair<\/a>&nbsp;&nbsp;Le HuffPost<\/li>\n<li><a href=\"https:\/\/news.google.com\/rss\/articles\/CBMi8gFBVV95cUxNQjdwVWpKaWRWajdpcGc3ZHlIeDhvQ01qbm5aQ05KNEFiSXBGMlYxelhCQ0FtMTNvLUExOEhrdUlmcU1uUlB4S0xXQnRRMkFmMk1TZjZvVk0wenRJSG5JY0hYcEIwN0lFbWEyWHYxYk1TWktIN2NLcTJvT2JSQ3kyMmF6a2E2NzZBa0tkZmk1c3R5d1J6dTk2Mld6dk54WTIxcUdRdnZ1bm1UbUpidnJja2EtRk4wVGxCSXlmUno3TXJsR09ENVlfTU14OFRwUUlVU2VTNmN3alg4aXBycFh4bWJqdnpEbGttb3dfRDFYamJ5QQ?oc=5\" target=\"_blank\" rel=\"noopener\">ENTRETIEN. Iz\u00efa Higelin : \u00ab Je me suis donn\u00e9e corps et \u00e2me \u00e0 H\u00e9l\u00e8ne dans Le gang des amazones \u00bb<\/a>&nbsp;&nbsp;Ouest-France<\/li>\n<li><a href=\"https:\/\/news.google.com\/rss\/articles\/CBMioAFBVV95cUxPVEZPdkZGRmRsOWliRVVmTmFldjdtcVZGcW1JS05RM19xelRGRkxrZ2x0Z1Z2N3hmb1hZczJ4UVZwWVZRQkR4THpvd2h1TWJ0OEhIREplZ2plU3lKU0R2ZWFiZFZuOVQ2WGh1WkdMZ1FTV0Zlak1BdDZ1bUVPMmFqQnpCOFBrTmQ2cTZXWjZoTFVNQzc4azY1aTdJQmcteDg4?oc=5\" target=\"_blank\" rel=\"noopener\">Le Portrait : H\u00e9l\u00e8ne Trinidad, maman braqueuse<\/a>&nbsp;&nbsp;TF1+<\/li>\n<li><a href=\"https:\/\/news.google.com\/rss\/articles\/CBMinwJBVV95cUxNRUViRklHZ0dSTlRId2IybnlRTWRWRTRUTm5qMVpEdGxXdDdzT0w0YldENi02RUEtSEJrNHFnc08yNHoyYkZVSlhUVkRrTG12V2RBeG9rNFNBVHlIRWtOaWlseFNfSDRnMU81d2NMdE92b1NyQXh5ZmIxQThRMzRsYTdZaDlPeG9tbTNQeXpvR1JEQUdhSmdwaFdXZFhya2Z1ZzRETjlBQnNBeW93d29PWC1UOXpac2JLdGV0VDhsLXVoVFJEd3J6RGpGV0ZGSV9lVFFOd25LMVFkcFI2czdjanVMaUlnaTMzZnFsUGR4VjVfeDhreFA2RkswZnRPM0JUWllmOFV2QU1KZlpkYWdHZ2pFUU1mdXBLNFN5RU1qTQ?oc=5\" target=\"_blank\" rel=\"noopener\">\u00ab On a eu peur et on a fait peur \u00bb, se souviennent H\u00e9l\u00e8ne et Katy, les vraies braqueuses du \u00ab Gang des Amazones \u00bb<\/a>&nbsp;&nbsp;Le Parisien<\/li>\n<\/ol>\n","protected":false},"excerpt":{"rendered":"\u201cLe Gang des amazones\u201d, de Melissa Drigeard : un film de braquage au f\u00e9minin un peu bancal mais&hellip;\n","protected":false},"author":2,"featured_media":528767,"comment_status":"","ping_status":"","sticky":false,"template":"","format":"standard","meta":{"footnotes":""},"categories":[1354],"tags":[58,59,1346,1011,27,1360],"class_list":{"0":"post-528766","1":"post","2":"type-post","3":"status-publish","4":"format-standard","5":"has-post-thumbnail","7":"category-films","8":"tag-divertissement","9":"tag-entertainment","10":"tag-films","11":"tag-fr","12":"tag-france","13":"tag-movies"},"share_on_mastodon":{"url":"https:\/\/pubeurope.com\/@fr\/115535370302517012","error":""},"_links":{"self":[{"href":"https:\/\/www.europesays.com\/fr\/wp-json\/wp\/v2\/posts\/528766","targetHints":{"allow":["GET"]}}],"collection":[{"href":"https:\/\/www.europesays.com\/fr\/wp-json\/wp\/v2\/posts"}],"about":[{"href":"https:\/\/www.europesays.com\/fr\/wp-json\/wp\/v2\/types\/post"}],"author":[{"embeddable":true,"href":"https:\/\/www.europesays.com\/fr\/wp-json\/wp\/v2\/users\/2"}],"replies":[{"embeddable":true,"href":"https:\/\/www.europesays.com\/fr\/wp-json\/wp\/v2\/comments?post=528766"}],"version-history":[{"count":0,"href":"https:\/\/www.europesays.com\/fr\/wp-json\/wp\/v2\/posts\/528766\/revisions"}],"wp:featuredmedia":[{"embeddable":true,"href":"https:\/\/www.europesays.com\/fr\/wp-json\/wp\/v2\/media\/528767"}],"wp:attachment":[{"href":"https:\/\/www.europesays.com\/fr\/wp-json\/wp\/v2\/media?parent=528766"}],"wp:term":[{"taxonomy":"category","embeddable":true,"href":"https:\/\/www.europesays.com\/fr\/wp-json\/wp\/v2\/categories?post=528766"},{"taxonomy":"post_tag","embeddable":true,"href":"https:\/\/www.europesays.com\/fr\/wp-json\/wp\/v2\/tags?post=528766"}],"curies":[{"name":"wp","href":"https:\/\/api.w.org\/{rel}","templated":true}]}}