{"id":528768,"date":"2025-11-12T06:43:13","date_gmt":"2025-11-12T06:43:13","guid":{"rendered":"https:\/\/www.europesays.com\/fr\/528768\/"},"modified":"2025-11-12T06:43:13","modified_gmt":"2025-11-12T06:43:13","slug":"si-vous-mangez-du-pain-a-chaque-repas-voici-ce-que-cela-fait-vraiment-a-votre-corps-selon-la-science","status":"publish","type":"post","link":"https:\/\/www.europesays.com\/fr\/528768\/","title":{"rendered":"Si vous mangez du pain \u00e0 chaque repas, voici ce que cela fait vraiment \u00e0 votre corps selon la science"},"content":{"rendered":"<p>Quasi indissociable de la table fran\u00e7aise, <strong>le<br \/>\npain<\/strong> se d\u00e9cline sous mille et une formes. De la simple<br \/>\nbaguette croustillante, au pain de mie moelleux en passant par le<br \/>\npain de campagne ou m\u00eame des cr\u00e9ations plus gourmandes \u00e0 base de<br \/>\nc\u00e9r\u00e9ales ou de fruits secs, <a href=\"https:\/\/www.mariefrance.fr\/actualite\/societe\/nouveau-scandale-alimentaire-cadmium-dans-pain-fruits-legumes-francais-1122932.html\" rel=\"nofollow noopener\" target=\"_blank\"><br \/>\nil a toutefois mauvaise r\u00e9putation<\/a>, accus\u00e9 de <strong>faire<br \/>\ngrossir<\/strong>. Mais qu&rsquo;en est-il r\u00e9ellement ?<\/p>\n<p>Que ce soit pour saucer un plat, en accompagnement d&rsquo;un morceau<br \/>\nde fromage ou pour pr\u00e9parer un sandwich, le pain reste <strong>un<br \/>\nincontournable<\/strong> du quotidien des Fran\u00e7ais. Rien d&rsquo;\u00e9tonnant<br \/>\ndonc \u00e0 ce que <strong>85 %<\/strong> d&rsquo;entre eux en consomment<br \/>\nchaque jour, \u00e0 raison d&rsquo;environ <strong>105 grammes<\/strong> en<br \/>\nmoyenne. Une habitude surtout ancr\u00e9e chez les plus de 60 ans,<br \/>\ntandis que les nouvelles g\u00e9n\u00e9rations, elles, semblent s&rsquo;en<br \/>\nd\u00e9tourner peu \u00e0 peu.<\/p>\n<p>Les effets du pain sur le corps<\/p>\n<p>Mais faut-il s&rsquo;en m\u00e9fier ? La r\u00e9ponse n&rsquo;est pas si \u00e9vidente<br \/>\nqu&rsquo;il n&rsquo;y para\u00eet. Pour comprendre comment le pain impacte notre<br \/>\nsant\u00e9, des chercheurs europ\u00e9ens ont analys\u00e9 les r\u00e9sultats de<br \/>\n<strong>22 \u00e9tudes scientifiques<\/strong> qui ont \u00e9t\u00e9 men\u00e9es sur<br \/>\nplus de <strong>1 000 participants<\/strong>. Leurs conclusions ont<br \/>\n\u00e9t\u00e9 publi\u00e9es dans la revue <a href=\"https:\/\/www.sciencedirect.com\/science\/article\/pii\/S2161831322013096\" target=\"_blank\" rel=\"nofollow noopener\">Advances in<br \/>\nNutrition<\/a>\u00a0en 2023.<\/p>\n<p>Et bonne nouvelle pour ceux qui auraient du mal \u00e0 se passer de<br \/>\npain, il n&rsquo;est pas aussi n\u00e9faste que cela pour la sant\u00e9. Mais,<br \/>\nparce qu&rsquo;il y a toujours \u00ab\u00a0mais\u00a0\u00bb, tout d\u00e9pend essentiellement de<br \/>\n<strong>sa composition<\/strong>. En d&rsquo;autres termes, <a href=\"https:\/\/www.mariefrance.fr\/equilibre\/nutritionniste-pain-consomme-tous-les-jours-centenaires-reduire-risque-cancer-1147718.html\" rel=\"nofollow noopener\" target=\"_blank\"><br \/>\ntous les pains ne se valent pas<\/a>. De plus, m\u00eame si au vu des<br \/>\nr\u00e9sultats de l&rsquo;\u00e9tude, la composition pr\u00e9vaut sur <strong>la<br \/>\nquantit\u00e9<\/strong>, il reste toutefois important de le consommer<br \/>\navec mod\u00e9ration et toujours dans le cadre d&rsquo;une alimentation vari\u00e9e<br \/>\net \u00e9quilibr\u00e9e.<\/p>\n<p><img loading=\"lazy\" decoding=\"async\" aria-describedby=\"caption-attachment-1080516\" itemprop=\"thumbnailUrl\" class=\"size-full wp-image-1080516 img-responsive\" src=\"https:\/\/www.europesays.com\/fr\/wp-content\/uploads\/2025\/11\/2-255.jpg\" alt=\"Du pain\" width=\"1280\" height=\"720\"\/> \u00a9<br \/>\nShutterstock<\/p>\n<p id=\"caption-attachment-1080516\" class=\"wp-caption-text\">Tous les<br \/>\npains ne se valent pas, faites le bon choix !<\/p>\n<p>Un pain qui fait baisser le taux de sucre dans le sang<\/p>\n<p>Ainsi, selon les r\u00e9sultats des recherches, les <strong>pains<br \/>\ndits \u00ab\u00a0reformul\u00e9s\u00a0\u00bb<\/strong>, autrement dit ceux enrichis en fibres,<br \/>\nc\u00e9r\u00e9ales compl\u00e8tes ou en ingr\u00e9dients fonctionnels comme les<br \/>\n\u03b2-glucanes issus de l\u2019avoine ou de l\u2019orge, s&rsquo;av\u00e8rent bien meilleurs<br \/>\npour la sant\u00e9. Ils seraient donc \u00e0 privil\u00e9gier. Pourquoi ? Tout<br \/>\nsimplement parce que <strong>les fibres<\/strong> pr\u00e9sentes<br \/>\nralentissent le passage du sucre dans le sang. Et cela aide \u00e0<br \/>\n<strong>r\u00e9guler la glyc\u00e9mie<\/strong>.<\/p>\n<p>Les \u00e9tudes ont montr\u00e9 que les personnes ayant consomm\u00e9 ce type<br \/>\nde pain voient leur taux de glucose \u00e0 jeun diminuer de 0,21 mmol\/L.<br \/>\nMieux encore, cette baisse peut aller jusqu\u2019\u00e0 0,68 mmol\/L chez les<br \/>\npersonnes atteintes de diab\u00e8te de type 2. Les auteurs de l&rsquo;\u00e9tude<br \/>\nexpliquent : \u00ab\u00a0Nos r\u00e9sultats sugg\u00e8rent que <strong>la qualit\u00e9 du<br \/>\npain<\/strong> (sa richesse en fibres ou en grains entiers) a un<br \/>\nr\u00e9el impact sur le m\u00e9tabolisme, notamment pour les personnes d\u00e9j\u00e0<br \/>\nconcern\u00e9es par le diab\u00e8te.\u00a0\u00bb En revanche, sa composition<br \/>\nn&rsquo;aurait pas d&rsquo;effets notables sur l\u2019insuline, le cholest\u00e9rol ou le<br \/>\ntaux de HbA1c qui mesure le sucre sur le long terme.<\/p>\n<p><img loading=\"lazy\" decoding=\"async\" aria-describedby=\"caption-attachment-1125574\" class=\"size-full wp-image-1125574 img-responsive\" src=\"https:\/\/www.europesays.com\/fr\/wp-content\/uploads\/2025\/11\/shutterstock_2462294661-e1738608327188.jpg\" alt=\"Pain blanc\" width=\"1280\" height=\"720\"\/> \u00a9<br \/>\nShutterstock<\/p>\n<p id=\"caption-attachment-1125574\" class=\"wp-caption-text\">Le pain<br \/>\nblanc, riche en glucides, ne calme que temporairement la faim.<\/p>\n<p>M\u00e9fiez-vous de ce pain, il est un<br \/>\nennemi cach\u00e9<\/p>\n<p>\u00c0 l&rsquo;inverse, le pain blanc ne serait pas <a href=\"https:\/\/www.mariefrance.fr\/equilibre\/je-suis-medecin-et-voici-le-meilleur-de-tous-les-pains-pour-favoriser-la-sante-du-colon-1053118.html\" rel=\"nofollow noopener\" target=\"_blank\"><br \/>\nl&rsquo;option la plus saine pour la sant\u00e9<\/a>. Riche en glucides<br \/>\nsimples, il fait monter rapidement le taux de sucre dans le sang.<br \/>\nEn guise de r\u00e9action, le corps se met \u00e0 produire de l&rsquo;insuline pour<br \/>\nfaire chuter le sucre. Cette baisse se traduit par une<br \/>\n<strong>sensation de faim<\/strong>. R\u00e9sultat, beaucoup de personnes<br \/>\nse jettent sur des aliments moins sains, ce qui peut <a href=\"https:\/\/www.mariefrance.fr\/minceur\/perte-poids-voici-quantite-pain-surtout-depasser-mangez-tous-jours-1112250.html\" rel=\"nofollow noopener\" target=\"_blank\"><br \/>\nfavoriser la prise de poids<\/a>, d\u00e9s\u00e9quilibrer le m\u00e9tabolisme,<br \/>\nvoire m\u00eame augmenter le risque de r\u00e9sistance \u00e0 l\u2019insuline.<\/p>\n<blockquote class=\"twitter-tweet\"><p><a class=\"twitter-link\" rel=\"noindex, nofollow noopener\" href=\"https:\/\/twitter.com\/mariefrancemag\/status\/1936093882975986169\" target=\"_blank\"><\/p><\/blockquote>\n<p>Ainsi, pour \u00eatre s\u00fbr de <strong>faire le bon choix<\/strong>,<br \/>\ntournez-vous plut\u00f4t vers les pains \u00e0 base de\u00a0farines compl\u00e8tes<br \/>\nou semi-compl\u00e8tes, les pains avec des\u00a0fibres ou avec des<br \/>\ngrains entiers visibles, et des pains enrichis en ingr\u00e9dients<br \/>\nnaturels comme les \u03b2-glucanes. Et surtout, mangez-le <strong>avec<br \/>\nmod\u00e9ration<\/strong>. Il est essentiel de varier les apports en<br \/>\nglucides avec d&rsquo;autres options comme les l\u00e9gumes, les l\u00e9gumineuses<br \/>\nou encore les c\u00e9r\u00e9ales compl\u00e8tes. Donc, le pain tous les jours,<br \/>\noui, mais pas n&rsquo;importe lequel et toujours en <strong>quantit\u00e9<br \/>\nraisonnable<\/strong> !<\/p>\n<p><script async src=\"https:\/\/platform.twitter.com\/widgets.js\" charset=\"utf-8\"><\/script><\/p>\n","protected":false},"excerpt":{"rendered":"Quasi indissociable de la table fran\u00e7aise, le pain se d\u00e9cline sous mille et une formes. De la simple&hellip;\n","protected":false},"author":2,"featured_media":528769,"comment_status":"","ping_status":"","sticky":false,"template":"","format":"standard","meta":{"footnotes":""},"categories":[10],"tags":[21303,1011,27,72,71],"class_list":{"0":"post-528768","1":"post","2":"type-post","3":"status-publish","4":"format-standard","5":"has-post-thumbnail","7":"category-sante","8":"tag-buzz_nonli","9":"tag-fr","10":"tag-france","11":"tag-health","12":"tag-sante"},"share_on_mastodon":{"url":"https:\/\/pubeurope.com\/@fr\/115535375084921559","error":""},"_links":{"self":[{"href":"https:\/\/www.europesays.com\/fr\/wp-json\/wp\/v2\/posts\/528768","targetHints":{"allow":["GET"]}}],"collection":[{"href":"https:\/\/www.europesays.com\/fr\/wp-json\/wp\/v2\/posts"}],"about":[{"href":"https:\/\/www.europesays.com\/fr\/wp-json\/wp\/v2\/types\/post"}],"author":[{"embeddable":true,"href":"https:\/\/www.europesays.com\/fr\/wp-json\/wp\/v2\/users\/2"}],"replies":[{"embeddable":true,"href":"https:\/\/www.europesays.com\/fr\/wp-json\/wp\/v2\/comments?post=528768"}],"version-history":[{"count":0,"href":"https:\/\/www.europesays.com\/fr\/wp-json\/wp\/v2\/posts\/528768\/revisions"}],"wp:featuredmedia":[{"embeddable":true,"href":"https:\/\/www.europesays.com\/fr\/wp-json\/wp\/v2\/media\/528769"}],"wp:attachment":[{"href":"https:\/\/www.europesays.com\/fr\/wp-json\/wp\/v2\/media?parent=528768"}],"wp:term":[{"taxonomy":"category","embeddable":true,"href":"https:\/\/www.europesays.com\/fr\/wp-json\/wp\/v2\/categories?post=528768"},{"taxonomy":"post_tag","embeddable":true,"href":"https:\/\/www.europesays.com\/fr\/wp-json\/wp\/v2\/tags?post=528768"}],"curies":[{"name":"wp","href":"https:\/\/api.w.org\/{rel}","templated":true}]}}