{"id":528789,"date":"2025-11-12T06:54:10","date_gmt":"2025-11-12T06:54:10","guid":{"rendered":"https:\/\/www.europesays.com\/fr\/528789\/"},"modified":"2025-11-12T06:54:10","modified_gmt":"2025-11-12T06:54:10","slug":"voici-les-nouveautes-de-ledition-2025","status":"publish","type":"post","link":"https:\/\/www.europesays.com\/fr\/528789\/","title":{"rendered":"voici les nouveaut\u00e9s de l&rsquo;\u00e9dition 2025"},"content":{"rendered":"<p>            Par<br \/>\n        <strong><br \/>\n            <a href=\"https:\/\/actu.fr\/auteur\/amandine-mehl\" title=\"Consulter tous les articles de Amandine Mehl\" target=\"_blank\" rel=\"noopener\">Amandine Mehl<\/a><br \/>\n        <\/strong><\/p>\n<p>        Publi\u00e9 le<\/p>\n<p>            12 nov. 2025 \u00e0 7h02        <\/p>\n<p>Place Charles III \u00e0 Nancy, le <a href=\"https:\/\/actu.fr\/grand-est\/nancy_54395\/grand-village-de-saint-nicolas-a-nancy-de-nouveaux-horaires-annonces-pour-2025_63395946.html\" target=\"_blank\" rel=\"noopener\">Grand village de Saint-Nicolas<\/a> fera son retour <strong>du 21 novembre 2025 au 4 janvier 2026<\/strong>.\u00a0<\/p>\n<p class=\" wall-content\">Port\u00e9 par l\u2019association de commer\u00e7ants Les Vitrines de Nancy, il proposera cette ann\u00e9e diff\u00e9rentes <strong>nouveaut\u00e9s<\/strong>. Voici ce qu\u2019il vous attend.<\/p>\n<p>Une nouvelle maison de Saint-Nicolas<\/p>\n<p class=\" wall-content\">Compos\u00e9 de <strong>65 chalets<\/strong>, le Grand village sera inaugur\u00e9 le 21 novembre \u00e0 18h45. Une inauguration ponctu\u00e9e d\u2019une \u00ab\u00a0<strong>surprise<\/strong>\u00ab\u00a0, indique <strong>S\u00e9bastien Duchowicz<\/strong>, pr\u00e9sident des Vitrines de Nancy, qui annonce par la m\u00eame occasion de <strong>nouveaux horaires<\/strong>. Il sera en effet possible de <strong>profiter plus longtemps<\/strong> du Grand village <strong>chaque vendredi et chaque samedi<\/strong> puisqu\u2019il sera ouvert de 10h \u00e0 21h.<\/p>\n<p class=\" wall-content\">Parmi les <strong>autres nouveaut\u00e9s<\/strong> attendues cette ann\u00e9e, on note la pr\u00e9sence d\u2019une \u00ab\u00a0<strong>nouvelle masterpi\u00e8ce<\/strong>\u00a0\u00bb <strong>embl\u00e9matique<\/strong>, mais aussi une <strong>nouvelle maison de Saint-Nicolas<\/strong>. \u00ab\u00a0Un <strong>tr\u00e8s tr\u00e8s gros chalet<\/strong>\u00a0\u00bb d\u00e9di\u00e9 \u00e0 l\u2019univers de la f\u00eate, pr\u00e9cise M. Duchowicz.<\/p>\n<p class=\" wall-content\">Pour rester dans le th\u00e8me, trois commer\u00e7ants ont investi dans des <strong>nouveaux chalets<\/strong>. \u00ab\u00a0Tr\u00e8s <strong>majestueux<\/strong>, ils vont venir amplifier la sc\u00e9nographie du Grand village\u00a0\u00bb.<\/p>\n<p>Des boules de No\u00ebl \u00ab\u00a0Art D\u00e9co M\u00e9trofolies\u00a0\u00bb<\/p>\n<p class=\" wall-content\">Lors de cette nouvelle \u00e9dition, les visiteurs pourront d\u00e9couvrir les <strong>boules de No\u00ebl \u00ab\u00a0Art D\u00e9co M\u00e9trofolies\u00a0\u00bb<\/strong> avec deux nouveaux mod\u00e8les propos\u00e9s en \u00e9dition limit\u00e9e ainsi que les <strong>gobelets r\u00e9utilisables<\/strong> \u00ab\u00a0Art D\u00e9co M\u00e9trofolies\u00a0\u00bb. Sans oublier le <strong>calendrier des commer\u00e7ants solidaires<\/strong>, vendu au profit du service de la\u00a0F\u00e9d\u00e9ration de Canc\u00e9rologie de Lorraine.<\/p>\n<p>Votre r\u00e9gion, votre actu !<\/p>\n<p>Recevez chaque jour les infos qui comptent pour vous.<\/p>\n<p>\t<a href=\"https:\/\/actu.fr\/newsletter\" class=\"ac-btn ac-btn--corner ac-btn--medium ac-btn--blue800\" target=\"_blank\" rel=\"noopener\">S&rsquo;incrire<\/a><\/p>\n<p class=\" wall-content\">Comme les ann\u00e9es pr\u00e9c\u00e9dentes, de <strong>nombreuses animations<\/strong> seront au programme durant toute la dur\u00e9e des festivit\u00e9s.<\/p>\n<p class=\" wall-content\">Personnalisez votre actualit\u00e9 en ajoutant vos villes et m\u00e9dias en favori avec <a href=\"https:\/\/moncompte.actu.fr\" title=\"D\u00e9couvez Mon Actu\" rel=\"nofollow noopener\" data-trk=\"{&quot;cta&quot;:{&quot;action&quot;:&quot;https:\\\/\\\/moncompte.actu.fr&quot;,&quot;category&quot;:&quot;mon compte&quot;,&quot;from&quot;:&quot;article footer&quot;,&quot;name&quot;:&quot;Mon actu&quot;,&quot;type&quot;:&quot;cta&quot;}}\" target=\"_blank\">Mon Actu<\/a>.<\/p>\n","protected":false},"excerpt":{"rendered":"Par Amandine Mehl Publi\u00e9 le 12 nov. 2025 \u00e0 7h02 Place Charles III \u00e0 Nancy, le Grand village&hellip;\n","protected":false},"author":2,"featured_media":513337,"comment_status":"","ping_status":"","sticky":false,"template":"","format":"standard","meta":{"footnotes":""},"categories":[9635],"tags":[1111,11,1777,674,1011,27,775,1702,12,25,14334,104],"class_list":{"0":"post-528789","1":"post","2":"type-post","3":"status-publish","4":"format-standard","5":"has-post-thumbnail","7":"category-nancy","8":"tag-actu","9":"tag-actualites","10":"tag-eu","11":"tag-europe","12":"tag-fr","13":"tag-france","14":"tag-grand-est","15":"tag-nancy","16":"tag-news","17":"tag-republique-francaise","18":"tag-saint-nicolas","19":"tag-societe"},"share_on_mastodon":{"url":"https:\/\/pubeurope.com\/@fr\/115535417456131288","error":""},"_links":{"self":[{"href":"https:\/\/www.europesays.com\/fr\/wp-json\/wp\/v2\/posts\/528789","targetHints":{"allow":["GET"]}}],"collection":[{"href":"https:\/\/www.europesays.com\/fr\/wp-json\/wp\/v2\/posts"}],"about":[{"href":"https:\/\/www.europesays.com\/fr\/wp-json\/wp\/v2\/types\/post"}],"author":[{"embeddable":true,"href":"https:\/\/www.europesays.com\/fr\/wp-json\/wp\/v2\/users\/2"}],"replies":[{"embeddable":true,"href":"https:\/\/www.europesays.com\/fr\/wp-json\/wp\/v2\/comments?post=528789"}],"version-history":[{"count":0,"href":"https:\/\/www.europesays.com\/fr\/wp-json\/wp\/v2\/posts\/528789\/revisions"}],"wp:featuredmedia":[{"embeddable":true,"href":"https:\/\/www.europesays.com\/fr\/wp-json\/wp\/v2\/media\/513337"}],"wp:attachment":[{"href":"https:\/\/www.europesays.com\/fr\/wp-json\/wp\/v2\/media?parent=528789"}],"wp:term":[{"taxonomy":"category","embeddable":true,"href":"https:\/\/www.europesays.com\/fr\/wp-json\/wp\/v2\/categories?post=528789"},{"taxonomy":"post_tag","embeddable":true,"href":"https:\/\/www.europesays.com\/fr\/wp-json\/wp\/v2\/tags?post=528789"}],"curies":[{"name":"wp","href":"https:\/\/api.w.org\/{rel}","templated":true}]}}