{"id":5288,"date":"2025-04-06T12:43:16","date_gmt":"2025-04-06T12:43:16","guid":{"rendered":"https:\/\/www.europesays.com\/fr\/5288\/"},"modified":"2025-04-06T12:43:16","modified_gmt":"2025-04-06T12:43:16","slug":"palestine-notre-blessure-dedwy-plenel","status":"publish","type":"post","link":"https:\/\/www.europesays.com\/fr\/5288\/","title":{"rendered":"\u00abPalestine, notre blessure\u00bb, d&rsquo;Edwy Plenel"},"content":{"rendered":"<p class=\"t-content__chapo\">\n                                                Alors que la guerre nouvelle men\u00e9e par Isra\u00ebl dans la bande de Gaza ne semble pas voir de fin, le journaliste Edwy Plenel a rassembl\u00e9 tous les articles qu&rsquo;il a publi\u00e9s dans Mediapart sur la question palestinienne, pr\u00e9c\u00e9d\u00e9s d&rsquo;une introduction in\u00e9dite sur la dimension universelle de cette cause. Dans Palestine, notre blessure, il nous rappelle que tout n&rsquo;a pas commenc\u00e9 le 7 octobre 2023, qu&rsquo;Isra\u00ebl commet des crimes contre l&rsquo;humanit\u00e9 en toute impunit\u00e9 et explique les graves cons\u00e9quences sur l&rsquo;humanit\u00e9 que pourrait avoir l&rsquo;impassibilit\u00e9 du reste du monde.\u00a0                    <\/p>\n<p>        <img decoding=\"async\" fetchpriority=\"low\" src=\"https:\/\/www.europesays.com\/fr\/wp-content\/uploads\/2025\/04\/Palestine ma blessure.jpg\" alt=\"\u00abPalestine, notre blessure\u00bb, de Edwy Plenel, publi\u00e9 aux \u00e9ditions La d\u00e9couverte.\"   width=\"980\" height=\"551\" loading=\"eager\" class=\"m-figure__img lazy\"\/><\/p>\n<p>                \u00abPalestine, notre blessure\u00bb, de Edwy Plenel, publi\u00e9 aux \u00e9ditions La d\u00e9couverte.                \u00a9 La d\u00e9couverte            <\/p>\n<p><strong>Palestine, notre blessure, d&rsquo;Edwy Plenel, 160 pages, paru aux \u00e9ditions La D\u00e9couverte le 6 mars 2025.<\/strong><\/p>\n<p><strong>Toute l&rsquo;actualit\u00e9 sur la\u00a0<a href=\"https:\/\/www.rfi.fr\/fr\/tag\/gaza\/\" target=\"_self\" rel=\"noopener\">Guerre Isra\u00ebl-Gaza\u00a0<\/a>\u00a0sur notre site.<\/strong><\/p>\n","protected":false},"excerpt":{"rendered":"Alors que la guerre nouvelle men\u00e9e par Isra\u00ebl dans la bande de Gaza ne semble pas voir de&hellip;\n","protected":false},"author":2,"featured_media":5289,"comment_status":"","ping_status":"","sticky":false,"template":"","format":"standard","meta":{"footnotes":""},"categories":[1357],"tags":[3262,1379,3259,58,59,1011,27,3261,937,3258,1380,3257,3260],"class_list":{"0":"post-5288","1":"post","2":"type-post","3":"status-publish","4":"format-standard","5":"has-post-thumbnail","7":"category-livres","8":"tag-benyamin-netanyahu","9":"tag-books","10":"tag-conflit-israelo-palestinien","11":"tag-divertissement","12":"tag-entertainment","13":"tag-fr","14":"tag-france","15":"tag-guerre-israel-gaza","16":"tag-histoire","17":"tag-livre-international","18":"tag-livres","19":"tag-moyen-orient","20":"tag-territoires-palestiniens"},"share_on_mastodon":{"url":"https:\/\/pubeurope.com\/@fr\/114291081452588353","error":""},"_links":{"self":[{"href":"https:\/\/www.europesays.com\/fr\/wp-json\/wp\/v2\/posts\/5288","targetHints":{"allow":["GET"]}}],"collection":[{"href":"https:\/\/www.europesays.com\/fr\/wp-json\/wp\/v2\/posts"}],"about":[{"href":"https:\/\/www.europesays.com\/fr\/wp-json\/wp\/v2\/types\/post"}],"author":[{"embeddable":true,"href":"https:\/\/www.europesays.com\/fr\/wp-json\/wp\/v2\/users\/2"}],"replies":[{"embeddable":true,"href":"https:\/\/www.europesays.com\/fr\/wp-json\/wp\/v2\/comments?post=5288"}],"version-history":[{"count":0,"href":"https:\/\/www.europesays.com\/fr\/wp-json\/wp\/v2\/posts\/5288\/revisions"}],"wp:featuredmedia":[{"embeddable":true,"href":"https:\/\/www.europesays.com\/fr\/wp-json\/wp\/v2\/media\/5289"}],"wp:attachment":[{"href":"https:\/\/www.europesays.com\/fr\/wp-json\/wp\/v2\/media?parent=5288"}],"wp:term":[{"taxonomy":"category","embeddable":true,"href":"https:\/\/www.europesays.com\/fr\/wp-json\/wp\/v2\/categories?post=5288"},{"taxonomy":"post_tag","embeddable":true,"href":"https:\/\/www.europesays.com\/fr\/wp-json\/wp\/v2\/tags?post=5288"}],"curies":[{"name":"wp","href":"https:\/\/api.w.org\/{rel}","templated":true}]}}