{"id":528800,"date":"2025-11-12T07:00:14","date_gmt":"2025-11-12T07:00:14","guid":{"rendered":"https:\/\/www.europesays.com\/fr\/528800\/"},"modified":"2025-11-12T07:00:14","modified_gmt":"2025-11-12T07:00:14","slug":"rouen-normandie-creation-la-pepiniere-qui-fait-grandir-les-entreprises-locales","status":"publish","type":"post","link":"https:\/\/www.europesays.com\/fr\/528800\/","title":{"rendered":"Rouen Normandie Cr\u00e9ation\u00a0: la p\u00e9pini\u00e8re qui fait grandir les entreprises locales"},"content":{"rendered":"<p>Le d\u00e9veloppement des entreprises innovantes et ambitieuses \u00e0 Rouen et dans sa m\u00e9tropole trouve un soutien solide avec Rouen Normandie Cr\u00e9ation. Guillaume Quesne, charg\u00e9 d\u2019accompagnement des entrepreneurs, pr\u00e9sente la mission et le r\u00f4le de cette p\u00e9pini\u00e8re d\u2019entreprises locale.<\/p>\n<p>Accompagner pour transformer les ambitions en succ\u00e8s concrets<\/p>\n<p>Depuis pr\u00e8s de dix ans, plus de 500 entreprises ont \u00e9t\u00e9 suivies par Rouen Normandie Cr\u00e9ation. Aujourd\u2019hui, une quarantaine d\u2019entreprises b\u00e9n\u00e9ficient d\u2019un accompagnement au quotidien, m\u00ealant conseil, formation, et mise en r\u00e9seau. \u00ab\u00a0Notre but est d\u2019aider les porteurs de projets \u00e0 transformer leurs ambitions entrepreneuriales en r\u00e9sultats tangibles,\u00a0\u00bb explique Guillaume Quesne. Cet accompagnement se distingue par sa proximit\u00e9\u00a0: les entrepreneurs sont v\u00e9ritablement challeng\u00e9s et soutenus sur le terrain.<\/p>\n<p>Cinq sites adapt\u00e9s aux besoins vari\u00e9s des entrepreneurs<\/p>\n<p>La m\u00e9tropole regroupe cinq sites d\u00e9di\u00e9s, avec des espaces et services adapt\u00e9s aux diff\u00e9rents stades et activit\u00e9s des entreprises. Bureaux, ateliers, laboratoires\u2026 chaque entrepreneur peut trouver un cadre id\u00e9al \u00e0 son d\u00e9veloppement, accompagn\u00e9 par une \u00e9quipe attentive \u00e0 ses besoins quotidiens.<\/p>\n<p>Des exemples concrets qui illustrent l\u2019accompagnement<\/p>\n<p>Parmi les entreprises accompagn\u00e9es, Alice Bri\u00e8re a lanc\u00e9 sa maison d\u2019\u00e9dition de fa\u00e7on artisanale durant le confinement. Gr\u00e2ce au programme de Rouen Normandie Cr\u00e9ation, elle a structur\u00e9 son activit\u00e9 et peut d\u00e9sormais se d\u00e9velopper sereinement. Autre exemple, Victor Ghillebaert, ancien pharmacien, a \u00e9t\u00e9 soutenu dans la recherche de fournisseurs pour lancer des huiles essentielles pr\u00eates \u00e0 l\u2019emploi, un projet ambitieux soutenu localement.<\/p>\n<p>Vous avez une id\u00e9e ou une jeune entreprise\u00a0? Rouen Normandie Cr\u00e9ation est l\u00e0<\/p>\n<p>\u00ab\u00a0Si vous avez une id\u00e9e, ou si vous avez lanc\u00e9 votre entreprise depuis moins de deux ans, n\u2019h\u00e9sitez pas \u00e0 nous contacter via notre site ou \u00e0 venir directement dans l\u2019une de nos p\u00e9pini\u00e8res. Nous serons ravis de vous challenger et de faire grandir votre projet,\u00a0\u00bb conclut Guillaume Quesne.<\/p>\n<p><a target=\"_blank\" rel=\"nofollow noopener noreferrer\" class=\"IciLink ici-link IciArticleLink g-ici-body-regular-1 underline brand svelte-lu7k6w\" href=\"https:\/\/www.rouen-normandie-creation.fr\/\">Rouen Normandie Cr\u00e9ation | Pour que cr\u00e9ation rime avec succ\u00e8s<\/a><\/p>\n","protected":false},"excerpt":{"rendered":"Le d\u00e9veloppement des entreprises innovantes et ambitieuses \u00e0 Rouen et dans sa m\u00e9tropole trouve un soutien solide avec&hellip;\n","protected":false},"author":2,"featured_media":528801,"comment_status":"","ping_status":"","sticky":false,"template":"","format":"standard","meta":{"footnotes":""},"categories":[9587],"tags":[1111,11,1777,674,1011,27,12,5161,25,9590],"class_list":{"0":"post-528800","1":"post","2":"type-post","3":"status-publish","4":"format-standard","5":"has-post-thumbnail","7":"category-rouen","8":"tag-actu","9":"tag-actualites","10":"tag-eu","11":"tag-europe","12":"tag-fr","13":"tag-france","14":"tag-news","15":"tag-normandie","16":"tag-republique-francaise","17":"tag-rouen"},"share_on_mastodon":{"url":"https:\/\/pubeurope.com\/@fr\/115535441062174927","error":""},"_links":{"self":[{"href":"https:\/\/www.europesays.com\/fr\/wp-json\/wp\/v2\/posts\/528800","targetHints":{"allow":["GET"]}}],"collection":[{"href":"https:\/\/www.europesays.com\/fr\/wp-json\/wp\/v2\/posts"}],"about":[{"href":"https:\/\/www.europesays.com\/fr\/wp-json\/wp\/v2\/types\/post"}],"author":[{"embeddable":true,"href":"https:\/\/www.europesays.com\/fr\/wp-json\/wp\/v2\/users\/2"}],"replies":[{"embeddable":true,"href":"https:\/\/www.europesays.com\/fr\/wp-json\/wp\/v2\/comments?post=528800"}],"version-history":[{"count":0,"href":"https:\/\/www.europesays.com\/fr\/wp-json\/wp\/v2\/posts\/528800\/revisions"}],"wp:featuredmedia":[{"embeddable":true,"href":"https:\/\/www.europesays.com\/fr\/wp-json\/wp\/v2\/media\/528801"}],"wp:attachment":[{"href":"https:\/\/www.europesays.com\/fr\/wp-json\/wp\/v2\/media?parent=528800"}],"wp:term":[{"taxonomy":"category","embeddable":true,"href":"https:\/\/www.europesays.com\/fr\/wp-json\/wp\/v2\/categories?post=528800"},{"taxonomy":"post_tag","embeddable":true,"href":"https:\/\/www.europesays.com\/fr\/wp-json\/wp\/v2\/tags?post=528800"}],"curies":[{"name":"wp","href":"https:\/\/api.w.org\/{rel}","templated":true}]}}