{"id":528816,"date":"2025-11-12T07:23:45","date_gmt":"2025-11-12T07:23:45","guid":{"rendered":"https:\/\/www.europesays.com\/fr\/528816\/"},"modified":"2025-11-12T07:23:45","modified_gmt":"2025-11-12T07:23:45","slug":"friperie-bijoux-gateaux-le-super-marche-de-nantes-revient-en-novembre","status":"publish","type":"post","link":"https:\/\/www.europesays.com\/fr\/528816\/","title":{"rendered":"Friperie, bijoux, g\u00e2teaux\u2026 Le Super March\u00e9 de Nantes revient en novembre"},"content":{"rendered":"<p>            Par<br \/>\n        <strong><br \/>\n            <a href=\"https:\/\/actu.fr\/auteur\/laure-gentil\" title=\"Consulter tous les articles de Laure Gentil\" target=\"_blank\" rel=\"noopener\">Laure Gentil<\/a><br \/>\n        <\/strong><\/p>\n<p>        Publi\u00e9 le<\/p>\n<p>            12 nov. 2025 \u00e0 7h30        <\/p>\n<p>Le<b> Super March\u00e9 <\/b>revient \u00e0 la <b>Little Atlantique Brewery<\/b> pour une nouvelle \u00e9dition samedi\u00a015 et dimanche 16\u00a0novembre 2025.<\/p>\n<p class=\" wall-content\">De nombreux exposants seront pr\u00e9sents au rendez-vous. Artisans, commer\u00e7ants ou entrepreneurs se partageront le deuxi\u00e8me \u00e9tage du LAB.<\/p>\n<p>Qui sont les exposants\u2009?<\/p>\n<ul class=\" wall-content\">\n<li>\u00c9piceries Papilles (boissons &amp; biscuits)<\/li>\n<li>Double File (upcycling)<\/li>\n<li>Velvet (tapisserie)<\/li>\n<li>Le D\u00e9tail (v\u00e9g\u00e9tal)<\/li>\n<li>Caf\u00e9 Machin (torr\u00e9facteur)<\/li>\n<li>Louisie shop (upcycling)<\/li>\n<li>Chapitre Deux (friperie)<\/li>\n<li>Bonpied (chaussettes)<\/li>\n<li>Miellerie Les 3 Vall\u00e9es (miel)<\/li>\n<li>Metl (broderie)<\/li>\n<li>Les Impatientes (bijoux)<\/li>\n<li>La Recylerie des Lunettes (opticienne vintage)<\/li>\n<li>Hums (graines)<\/li>\n<li>Le Vinaigre des Cousines (vinaigres)<\/li>\n<li>Domaine d\u2019O2 (vigneron)<\/li>\n<li>OLOW (pr\u00eat-\u00e0-porter \u00e9thique)<\/li>\n<li>Eudi Clothing (cr\u00e9ation de t-shirts)<\/li>\n<li>Caf\u00e9 Biscuit (biscuits &amp; patisseries)<\/li>\n<li>Atelier des Dunes (poterie &amp; c\u00e9ramique)<\/li>\n<li>Lucas Trigodet (libraire)<\/li>\n<li>Magik Potion (savonnerie)<\/li>\n<\/ul>\n<p class=\" wall-content\">Ce week-end, il y aura aussi un<b> \u00ab\u2009corner illustration\u2009\u00bb <\/b>avec G\u00e9raldine Jos\u00e9phine, illustratrice et tatoueuse nantaise, Mahnu, graphiste ind\u00e9pendant, Florian Gallou, graphic designer, Mauvaise Gwen et Osvald Blouson, designer et photographe.<\/p>\n<p class=\" wall-content\">Un <b>espace tattoo <\/b>est aussi pr\u00e9vu (Oph\u00e9lie Fays et Zieu Tattoo) ainsi qu\u2019<b>un salon coiffure <\/b>(Le Labo), sans oublier deux DJ\u2019s\u2009: Chilly Jay et Karim Karim.<\/p>\n<p>Little Atlantique Brewery \u2013 Docks de Chantenay, 23 boulevard de Chantenay. Entr\u00e9e libre.<\/p>\n<p class=\" wall-content\">Personnalisez votre actualit\u00e9 en ajoutant vos villes et m\u00e9dias en favori avec <a href=\"https:\/\/moncompte.actu.fr\" title=\"D\u00e9couvez Mon Actu\" rel=\"nofollow noopener\" data-trk=\"{&quot;cta&quot;:{&quot;action&quot;:&quot;https:\\\/\\\/moncompte.actu.fr&quot;,&quot;category&quot;:&quot;mon compte&quot;,&quot;from&quot;:&quot;article footer&quot;,&quot;name&quot;:&quot;Mon actu&quot;,&quot;type&quot;:&quot;cta&quot;}}\" target=\"_blank\">Mon Actu<\/a>.<\/p>\n","protected":false},"excerpt":{"rendered":"Par Laure Gentil Publi\u00e9 le 12 nov. 2025 \u00e0 7h30 Le Super March\u00e9 revient \u00e0 la Little Atlantique&hellip;\n","protected":false},"author":2,"featured_media":528817,"comment_status":"","ping_status":"","sticky":false,"template":"","format":"standard","meta":{"footnotes":""},"categories":[2818],"tags":[1111,11,677,1777,674,1011,27,766,12,2636,25,104],"class_list":{"0":"post-528816","1":"post","2":"type-post","3":"status-publish","4":"format-standard","5":"has-post-thumbnail","7":"category-nantes","8":"tag-actu","9":"tag-actualites","10":"tag-bons-plans","11":"tag-eu","12":"tag-europe","13":"tag-fr","14":"tag-france","15":"tag-nantes","16":"tag-news","17":"tag-pays-de-la-loire","18":"tag-republique-francaise","19":"tag-societe"},"share_on_mastodon":{"url":"https:\/\/pubeurope.com\/@fr\/115535531442086589","error":""},"_links":{"self":[{"href":"https:\/\/www.europesays.com\/fr\/wp-json\/wp\/v2\/posts\/528816","targetHints":{"allow":["GET"]}}],"collection":[{"href":"https:\/\/www.europesays.com\/fr\/wp-json\/wp\/v2\/posts"}],"about":[{"href":"https:\/\/www.europesays.com\/fr\/wp-json\/wp\/v2\/types\/post"}],"author":[{"embeddable":true,"href":"https:\/\/www.europesays.com\/fr\/wp-json\/wp\/v2\/users\/2"}],"replies":[{"embeddable":true,"href":"https:\/\/www.europesays.com\/fr\/wp-json\/wp\/v2\/comments?post=528816"}],"version-history":[{"count":0,"href":"https:\/\/www.europesays.com\/fr\/wp-json\/wp\/v2\/posts\/528816\/revisions"}],"wp:featuredmedia":[{"embeddable":true,"href":"https:\/\/www.europesays.com\/fr\/wp-json\/wp\/v2\/media\/528817"}],"wp:attachment":[{"href":"https:\/\/www.europesays.com\/fr\/wp-json\/wp\/v2\/media?parent=528816"}],"wp:term":[{"taxonomy":"category","embeddable":true,"href":"https:\/\/www.europesays.com\/fr\/wp-json\/wp\/v2\/categories?post=528816"},{"taxonomy":"post_tag","embeddable":true,"href":"https:\/\/www.europesays.com\/fr\/wp-json\/wp\/v2\/tags?post=528816"}],"curies":[{"name":"wp","href":"https:\/\/api.w.org\/{rel}","templated":true}]}}