{"id":528818,"date":"2025-11-12T07:24:18","date_gmt":"2025-11-12T07:24:18","guid":{"rendered":"https:\/\/www.europesays.com\/fr\/528818\/"},"modified":"2025-11-12T07:24:18","modified_gmt":"2025-11-12T07:24:18","slug":"loire-atlantique-entretien-je-suis-timide-cest-le-terrain-qui-parle-pour-moi-se","status":"publish","type":"post","link":"https:\/\/www.europesays.com\/fr\/528818\/","title":{"rendered":"Loire Atlantique &#8211; ENTRETIEN. \u00ab\u00a0Je suis timide, c\u2019est le terrain qui parle pour moi\u00a0\u00bb, se"},"content":{"rendered":"<tr wp_automatic_readability=\"8.8738317757009\">\n<td valign=\"middle\" align=\"center\" class=\"col-logo\" wp_automatic_readability=\"5\">\n    <img decoding=\"async\" src=\"https:\/\/maville.com\/design\/images\/logo-of-monetise.svg?version=20130627\" alt=\"logo Ouest-France\" height=\"66\"\/><\/p>\n<p>Contenu r\u00e9serv\u00e9 aux abonn\u00e9s<\/p>\n<\/td>\n<td class=\"col-titre\">\n\t\t\tMercredi 12 novembre 2025 07:00<br \/>\n\t\t\t<a class=\"icon-bulle sizeL count\" href=\"#ancreAvis\"><br \/>\n\t&#8230;<br \/>\n<\/a><\/td>\n<\/tr>\n<p>\t\t<a class=\"mavillebox2 elmt-photo\" href=\"https:\/\/maville.com\/photosmvi\/2025\/11\/12\/P35575879D7060120G.jpg\" title=\" Herba Guirassy fr\u00e9quente la Joneli\u00e8re depuis ses 11\u00a0ans. Il y a grandi et s\u2019est \u00e9panoui.  \u00a9  David Chapet  \" rel=\"galerie_actu noopener\" target=\"_blank\"><br \/>\n\t<img decoding=\"async\" src=\"https:\/\/www.europesays.com\/fr\/wp-content\/uploads\/2025\/11\/P35575879D7060120G_crop_640-330_.jpg\" alt=\"photo  herba guirassy fr\u00e9quente la joneli\u00e8re depuis ses 11\u00a0ans. il y a grandi et s\u2019est \u00e9panoui.  \u00a9  david chapet \"\/><br \/>\n\t4<br \/>\n<\/a><\/p>\n<p class=\"elmt-legende\"> Herba Guirassy fr\u00e9quente la Joneli\u00e8re depuis ses 11\u00a0ans. Il y a grandi et s\u2019est \u00e9panoui.  \u00a9  David Chapet  <\/p>\n<p><a class=\"mavillebox2\" href=\"https:\/\/maville.com\/photosmvi\/2025\/11\/12\/P35575880D7060120G.jpg\" title=\"Six minutes apr\u00e8s son entr\u00e9e en jeu, Herba Guirassy marque son premier but en Ligue 1 et valide le succ\u00e8s contre Auxerre (2-0). C\u2019\u00e9tait il y a un an, \u00e0 quatre jours de ses 18\u00a0ans. \u00a9  Mathieu Pattier \/ Ouest France \" rel=\"galerie_actu noopener\" target=\"_blank\"><a class=\"mavillebox2\" href=\"https:\/\/maville.com\/photosmvi\/2025\/11\/12\/P35575881D7060120G.jpg\" title=\"Dehmaine Tabibou et Louis Leroux \u00e0 gauche, Herba Guirassy \u00e0 droite. La g\u00e9n\u00e9ration 2005-2006 du FC Nantes a trouv\u00e9 sa place dans le groupe pro. \u00a9  Mathieu Pattier \/ Ouest France \" rel=\"galerie_actu noopener\" target=\"_blank\"><a class=\"mavillebox2\" href=\"https:\/\/maville.com\/photosmvi\/2025\/11\/12\/P35575882D7060120G.jpg\" title=\"Herba Guirassy\u00a0: \u00ab\u00a0On devient un joueur pro par le contrat sign\u00e9, mais en r\u00e9alit\u00e9, on n\u2019a encore rien fait.\u00a0\u00bb \u00a9  David Chapet \" rel=\"galerie_actu noopener\" target=\"_blank\"><\/p>\n<p>\t\tAuteur de son premier doubl\u00e9 en Ligue 1, appel\u00e9 en \u00e9quipe de France Espoirs, avant de devoir d\u00e9clarer forfait, ce mercredi 11 novembre, Herba Guirassy traverse une p\u00e9riode faste. \u00c0 19\u00a0ans, l\u2019attaquant du FC Nantes est aussi impr\u00e9visible sur un terrain que discret dans la vie. Dans un entretien accord\u00e9 \u00e0 Ouest-France, il \u00e9voque ses premiers ballons au city stade, \u00e0 Angers, sa timidit\u00e9, sa g\u00e9n\u00e9ration prometteuse et sa transformation physique apr\u00e8s une saison dans le groupe pro.<\/p>\n<p><b>Cet article est r\u00e9serv\u00e9 aux abonn\u00e9s<\/b><\/p>\n<p>Pour un acc\u00e8s imm\u00e9diat, abonnez-vous<\/p>\n<p><b>1\u00e8re semaine offerte<\/b><\/p>\n<p>\t\t Recueilli par Jean-Marcel BOUDARD. \u00a0\u00a0<br \/>\n\t\tOuest-France<\/p>\n<p>Retrouvez d&rsquo;autres actus sur les communes de :<\/p>\n<p>\t\t&#13;<\/p>\n","protected":false},"excerpt":{"rendered":"Contenu r\u00e9serv\u00e9 aux abonn\u00e9s Mercredi 12 novembre 2025 07:00 &#8230; 4 Herba Guirassy fr\u00e9quente la Joneli\u00e8re depuis ses&hellip;\n","protected":false},"author":2,"featured_media":528819,"comment_status":"","ping_status":"","sticky":false,"template":"","format":"standard","meta":{"footnotes":""},"categories":[2818],"tags":[1111,11,3809,1465,1777,674,63,1011,27,1792,1922,766,12,2636,25,479,517,1470],"class_list":{"0":"post-528818","1":"post","2":"type-post","3":"status-publish","4":"format-standard","5":"has-post-thumbnail","7":"category-nantes","8":"tag-actu","9":"tag-actualites","10":"tag-ball","11":"tag-basket","12":"tag-eu","13":"tag-europe","14":"tag-football","15":"tag-fr","16":"tag-france","17":"tag-handball","18":"tag-info","19":"tag-nantes","20":"tag-news","21":"tag-pays-de-la-loire","22":"tag-republique-francaise","23":"tag-rugby","24":"tag-sport","25":"tag-volley"},"share_on_mastodon":{"url":"https:\/\/pubeurope.com\/@fr\/115535536153382431","error":""},"_links":{"self":[{"href":"https:\/\/www.europesays.com\/fr\/wp-json\/wp\/v2\/posts\/528818","targetHints":{"allow":["GET"]}}],"collection":[{"href":"https:\/\/www.europesays.com\/fr\/wp-json\/wp\/v2\/posts"}],"about":[{"href":"https:\/\/www.europesays.com\/fr\/wp-json\/wp\/v2\/types\/post"}],"author":[{"embeddable":true,"href":"https:\/\/www.europesays.com\/fr\/wp-json\/wp\/v2\/users\/2"}],"replies":[{"embeddable":true,"href":"https:\/\/www.europesays.com\/fr\/wp-json\/wp\/v2\/comments?post=528818"}],"version-history":[{"count":0,"href":"https:\/\/www.europesays.com\/fr\/wp-json\/wp\/v2\/posts\/528818\/revisions"}],"wp:featuredmedia":[{"embeddable":true,"href":"https:\/\/www.europesays.com\/fr\/wp-json\/wp\/v2\/media\/528819"}],"wp:attachment":[{"href":"https:\/\/www.europesays.com\/fr\/wp-json\/wp\/v2\/media?parent=528818"}],"wp:term":[{"taxonomy":"category","embeddable":true,"href":"https:\/\/www.europesays.com\/fr\/wp-json\/wp\/v2\/categories?post=528818"},{"taxonomy":"post_tag","embeddable":true,"href":"https:\/\/www.europesays.com\/fr\/wp-json\/wp\/v2\/tags?post=528818"}],"curies":[{"name":"wp","href":"https:\/\/api.w.org\/{rel}","templated":true}]}}