{"id":528824,"date":"2025-11-12T07:27:11","date_gmt":"2025-11-12T07:27:11","guid":{"rendered":"https:\/\/www.europesays.com\/fr\/528824\/"},"modified":"2025-11-12T07:27:11","modified_gmt":"2025-11-12T07:27:11","slug":"un-jeune-homme-evacue-en-urgence-absolue-2","status":"publish","type":"post","link":"https:\/\/www.europesays.com\/fr\/528824\/","title":{"rendered":"un jeune homme \u00e9vacu\u00e9 en urgence absolue"},"content":{"rendered":"<p>            Par<br \/>\n        <strong><br \/>\n            <a href=\"https:\/\/actu.fr\/auteur\/mareva-laville-actu-fr\" title=\"Consulter tous les articles de Mar\u00e9va Laville\" rel=\"nofollow noopener\" target=\"_blank\">Mar\u00e9va Laville<\/a><br \/>\n        <\/strong><\/p>\n<p>        Publi\u00e9 le<\/p>\n<p>            12 nov. 2025 \u00e0 7h30        <\/p>\n<p>Nuit dangereuse \u00e0 l\u2019ouest de <a href=\"http:\/\/www.actu.fr\/toulouse\" rel=\"nofollow noopener\" target=\"_blank\">Toulouse<\/a>. Vers 1h30 du matin, cette <strong>nuit du 11 au 12\u00a0novembre 2025<\/strong>, un<strong> homme de 22\u00a0ans<\/strong> a \u00e9t\u00e9 <strong>agress\u00e9<\/strong> dans la commune de <a href=\"https:\/\/actu.fr\/occitanie\/colomiers_31149\" rel=\"nofollow noopener\" target=\"_blank\">Colomiers<\/a>, sur le boulevard Jean-Auguste Ingres, \u00e0 proximit\u00e9 d\u2019un h\u00f4tel.<\/p>\n<p>    <a href=\"https:\/\/www.google.com\/maps\/embed?pb=!1m18!1m12!1m3!1d628.8379248551653!2d1.3521636867174478!3d43.59862692600379!2m3!1f0!2f0!3f0!3m2!1i1024!2i768!4f13.1!3m3!1m2!1s0x12aeb065b5125149%3A0x44295f4d8b3db02e!2s1%20Bd%20Jean-Auguste%20Ingres%2C%2031770%20Colomiers!5e0!3m2!1sfr!2sfr!4v1762928829479!5m2!1sfr!2sfr\" title=\"Ouvrie le lien\" rel=\"nofollow noopener\" target=\"_blank\">Cliquez ici pour visualiser le contenu<\/a><\/p>\n<p>Une attaque par arme blanche<\/p>\n<p class=\" wall-content\">\u00c0 l\u2019arriv\u00e9e des secours, la victime avait \u00e9t\u00e9 retrouv\u00e9e<strong> bless\u00e9e \u00ab\u2009par arme blanche\u2009\u00bb,<\/strong> pr\u00e9cisent les quatre sapeurs-pompiers et l\u2019infirmier intervenus sur place.<\/p>\n<p class=\" wall-content\">L\u2019homme a \u00e9t\u00e9 <strong>\u00e9vacu\u00e9 en \u00ab\u2009urgence absolue\u2009\u00bb \u00e0 l\u2019h\u00f4pital<\/strong> le plus proche.<\/p>\n<p class=\" wall-content\">Police nationale et SMUR \u00e9taient \u00e9galement pr\u00e9sents.<\/p>\n<p class=\" wall-content\">Personnalisez votre actualit\u00e9 en ajoutant vos villes et m\u00e9dias en favori avec <a href=\"https:\/\/moncompte.actu.fr\" title=\"D\u00e9couvez Mon Actu\" rel=\"nofollow noopener\" data-trk=\"{&quot;cta&quot;:{&quot;action&quot;:&quot;https:\\\/\\\/moncompte.actu.fr&quot;,&quot;category&quot;:&quot;mon compte&quot;,&quot;from&quot;:&quot;article footer&quot;,&quot;name&quot;:&quot;Mon actu&quot;,&quot;type&quot;:&quot;cta&quot;}}\" target=\"_blank\">Mon Actu<\/a>.<\/p>\n","protected":false},"excerpt":{"rendered":"Par Mar\u00e9va Laville Publi\u00e9 le 12 nov. 2025 \u00e0 7h30 Nuit dangereuse \u00e0 l\u2019ouest de Toulouse. Vers 1h30&hellip;\n","protected":false},"author":2,"featured_media":528825,"comment_status":"","ping_status":"","sticky":false,"template":"","format":"standard","meta":{"footnotes":""},"categories":[2816],"tags":[1111,11,1777,674,118,1011,27,12,2680,1072,1311,25,2312],"class_list":{"0":"post-528824","1":"post","2":"type-post","3":"status-publish","4":"format-standard","5":"has-post-thumbnail","7":"category-toulouse","8":"tag-actu","9":"tag-actualites","10":"tag-eu","11":"tag-europe","12":"tag-faits-divers","13":"tag-fr","14":"tag-france","15":"tag-news","16":"tag-occitanie","17":"tag-police","18":"tag-pompiers","19":"tag-republique-francaise","20":"tag-toulouse"},"share_on_mastodon":{"url":"https:\/\/pubeurope.com\/@fr\/115535547213982940","error":""},"_links":{"self":[{"href":"https:\/\/www.europesays.com\/fr\/wp-json\/wp\/v2\/posts\/528824","targetHints":{"allow":["GET"]}}],"collection":[{"href":"https:\/\/www.europesays.com\/fr\/wp-json\/wp\/v2\/posts"}],"about":[{"href":"https:\/\/www.europesays.com\/fr\/wp-json\/wp\/v2\/types\/post"}],"author":[{"embeddable":true,"href":"https:\/\/www.europesays.com\/fr\/wp-json\/wp\/v2\/users\/2"}],"replies":[{"embeddable":true,"href":"https:\/\/www.europesays.com\/fr\/wp-json\/wp\/v2\/comments?post=528824"}],"version-history":[{"count":0,"href":"https:\/\/www.europesays.com\/fr\/wp-json\/wp\/v2\/posts\/528824\/revisions"}],"wp:featuredmedia":[{"embeddable":true,"href":"https:\/\/www.europesays.com\/fr\/wp-json\/wp\/v2\/media\/528825"}],"wp:attachment":[{"href":"https:\/\/www.europesays.com\/fr\/wp-json\/wp\/v2\/media?parent=528824"}],"wp:term":[{"taxonomy":"category","embeddable":true,"href":"https:\/\/www.europesays.com\/fr\/wp-json\/wp\/v2\/categories?post=528824"},{"taxonomy":"post_tag","embeddable":true,"href":"https:\/\/www.europesays.com\/fr\/wp-json\/wp\/v2\/tags?post=528824"}],"curies":[{"name":"wp","href":"https:\/\/api.w.org\/{rel}","templated":true}]}}