{"id":528826,"date":"2025-11-12T07:28:11","date_gmt":"2025-11-12T07:28:11","guid":{"rendered":"https:\/\/www.europesays.com\/fr\/528826\/"},"modified":"2025-11-12T07:28:11","modified_gmt":"2025-11-12T07:28:11","slug":"a-toulouse-emmanuel-macron-attendu-de-pied-ferme-par-des-soutiens-desabuses","status":"publish","type":"post","link":"https:\/\/www.europesays.com\/fr\/528826\/","title":{"rendered":"\u00e0 Toulouse, Emmanuel Macron attendu de pied ferme par des soutiens d\u00e9sabus\u00e9s"},"content":{"rendered":"<p class=\"intro \">En d\u00e9placement ce mercredi 12 novembre pour pr\u00e9senter la strat\u00e9gie spatiale fran\u00e7aise \u00e0 l\u2019horizon 2040, Emmanuel Macron pourrait voir son agenda bouscul\u00e9. Les agriculteurs pr\u00e9voient une mobilisation d\u2019ampleur, tandis que la cote de popularit\u00e9 du pr\u00e9sident s\u2019effrite jusque dans la Ville Rose.<\/p>\n<p>La visite d&rsquo;Emmanuel Macron <a href=\"https:\/\/www.europe1.fr\/politique\/a-toulouse-emmanuel-macron-de-retour-sur-la-scene-nationale-870956\" rel=\"nofollow noopener\" target=\"_blank\">\u00e0 Toulouse ce mercredi 12 novembre risque d&rsquo;\u00eatre tendue<\/a>.\u00a0Le pr\u00e9sident doit y pr\u00e9senter la strat\u00e9gie spatiale de la France \u00e0 l\u2019horizon 2040. Mais il y a fort \u00e0 parier que l\u2019ordre du jour soit en partie \u00e9clips\u00e9 : les agriculteurs pr\u00e9voient une op\u00e9ration d\u2019envergure, avec plusieurs blocages.<\/p>\n<p>    La suite apr\u00e8s cette publicit\u00e9<\/p>\n<p>    La suite apr\u00e8s cette publicit\u00e9<\/p>\n<p>Une rencontre avec les leaders syndicaux est pr\u00e9vue en d\u00e9but d\u2019apr\u00e8s-midi, avant une autre entrevue avec les lecteurs du journal La D\u00e9p\u00eache du Midi. L\u2019occasion pour le chef de l\u2019\u00c9tat d\u2019\u00e9changer avec les Toulousains, qui l\u2019avaient plac\u00e9 en t\u00eate au second tour des deux derni\u00e8res pr\u00e9sidentielles.<\/p>\n<p>Le probl\u00e8me d\u00e9sormais, avec seulement 11% d\u2019opinions favorables, c\u2019est que le niveau de confiance est au plus bas. La Ville Rose ne fait pas exception : le soufflet est retomb\u00e9. Les macronistes d\u2019hier sont devenus les ind\u00e9cis d\u2019aujourd\u2019hui.<\/p>\n<p>    La suite apr\u00e8s cette publicit\u00e9<\/p>\n<p>    La suite apr\u00e8s cette publicit\u00e9<\/p>\n<p>Des incompr\u00e9hensions de toute part<\/p>\n<p>Jean, cadre de 34 ans, a toujours vot\u00e9 <a href=\"https:\/\/www.europe1.fr\/dossiers\/emmanuel-macron\" rel=\"nofollow noopener\" target=\"_blank\">Emmanuel Macron<\/a>. Mais selon lui, le pr\u00e9sident aurait pu davantage r\u00e9former s\u2019il avait eu plus de tact. \u00ab\u00a0Il a pass\u00e9 sa r\u00e9forme des retraites en force. C\u2019est l\u00e0 que j\u2019ai commenc\u00e9 \u00e0 ne plus vraiment adh\u00e9rer. Qu\u2019il aille au bout de sa r\u00e9forme, d\u2019accord, mais l\u00e0, c\u2019\u00e9tait trop brutal. Il ne l\u2019a jamais compris\u00a0\u00bb, estime-t-il.<\/p>\n<p>D\u00e9connexion pour certains et manque de flair politique, selon Andr\u00e9, qui a rompu avec la macronie depuis l\u2019an dernier. \u00ab\u00a0Ce qui a \u00e9t\u00e9 le gros choc, c\u2019est la dissolution. Elle nous a compl\u00e8tement fichus par terre. Maintenant, c\u2019est la pagaille\u00a0\u00bb, s\u2019alarme ce riverain.<\/p>\n<p>    La suite apr\u00e8s cette publicit\u00e9<\/p>\n<p>    La suite apr\u00e8s cette publicit\u00e9<\/p>\n<p>Bordelisation dans l\u2019h\u00e9micycle et ensauvagement dans la rue : pour Solange, c\u2019est l\u2019un des grands \u00e9checs du macronisme : \u00ab\u00a0Ce qui me plaisait, c\u2019\u00e9tait ses id\u00e9es. Il \u00e9tait jeune et r\u00e9formateur. Mais l\u00e0, vous avez vu ce qu\u2019il se passe avec l\u2019ins\u00e9curit\u00e9 ? Tous ces gens qui attaquent n\u2019importe qui dans la rue\u2026 En 2027, une chose est s\u00fbre : je ne voterai pas pour les \u00e9cologistes. Quand on veut couler les agriculteurs, il n\u2019y a pas mieux qu\u2019eux.\u00a0\u00bb<\/p>\n<p>C\u2019est pour ces raisons que cette ancienne macroniste compte se m\u00ealer aux agriculteurs ce mercredi.<\/p>\n","protected":false},"excerpt":{"rendered":"En d\u00e9placement ce mercredi 12 novembre pour pr\u00e9senter la strat\u00e9gie spatiale fran\u00e7aise \u00e0 l\u2019horizon 2040, Emmanuel Macron pourrait&hellip;\n","protected":false},"author":2,"featured_media":528827,"comment_status":"","ping_status":"","sticky":false,"template":"","format":"standard","meta":{"footnotes":""},"categories":[2816],"tags":[1111,11,1777,674,1011,27,12,2680,25,2312],"class_list":{"0":"post-528826","1":"post","2":"type-post","3":"status-publish","4":"format-standard","5":"has-post-thumbnail","7":"category-toulouse","8":"tag-actu","9":"tag-actualites","10":"tag-eu","11":"tag-europe","12":"tag-fr","13":"tag-france","14":"tag-news","15":"tag-occitanie","16":"tag-republique-francaise","17":"tag-toulouse"},"share_on_mastodon":{"url":"https:\/\/pubeurope.com\/@fr\/115535551058449303","error":""},"_links":{"self":[{"href":"https:\/\/www.europesays.com\/fr\/wp-json\/wp\/v2\/posts\/528826","targetHints":{"allow":["GET"]}}],"collection":[{"href":"https:\/\/www.europesays.com\/fr\/wp-json\/wp\/v2\/posts"}],"about":[{"href":"https:\/\/www.europesays.com\/fr\/wp-json\/wp\/v2\/types\/post"}],"author":[{"embeddable":true,"href":"https:\/\/www.europesays.com\/fr\/wp-json\/wp\/v2\/users\/2"}],"replies":[{"embeddable":true,"href":"https:\/\/www.europesays.com\/fr\/wp-json\/wp\/v2\/comments?post=528826"}],"version-history":[{"count":0,"href":"https:\/\/www.europesays.com\/fr\/wp-json\/wp\/v2\/posts\/528826\/revisions"}],"wp:featuredmedia":[{"embeddable":true,"href":"https:\/\/www.europesays.com\/fr\/wp-json\/wp\/v2\/media\/528827"}],"wp:attachment":[{"href":"https:\/\/www.europesays.com\/fr\/wp-json\/wp\/v2\/media?parent=528826"}],"wp:term":[{"taxonomy":"category","embeddable":true,"href":"https:\/\/www.europesays.com\/fr\/wp-json\/wp\/v2\/categories?post=528826"},{"taxonomy":"post_tag","embeddable":true,"href":"https:\/\/www.europesays.com\/fr\/wp-json\/wp\/v2\/tags?post=528826"}],"curies":[{"name":"wp","href":"https:\/\/api.w.org\/{rel}","templated":true}]}}