{"id":528832,"date":"2025-11-12T07:34:17","date_gmt":"2025-11-12T07:34:17","guid":{"rendered":"https:\/\/www.europesays.com\/fr\/528832\/"},"modified":"2025-11-12T07:34:17","modified_gmt":"2025-11-12T07:34:17","slug":"vermeeren-marque-les-esprits-depuis-son-arrivee-a-marseille","status":"publish","type":"post","link":"https:\/\/www.europesays.com\/fr\/528832\/","title":{"rendered":"Vermeeren marque les esprits depuis son arriv\u00e9e \u00e0 Marseille"},"content":{"rendered":"<p><a href=\"https:\/\/www.laprovence.com\/article\/om\/71330757224931\/mercato-om-le-club-officialise-larrivee-darthur-vermeeren\" target=\"_blank\" rel=\"noopener\">Arthur Vermeeren<\/a> va d\u00e9couvrir vendredi la Keine Sorgen Arena, sa pelouse naturelle et ses 7\u00a0700 places assises, ainsi que la commune autrichienne de Ried im Innkreis. Un grand \u00e9cart bluffant avec la fureur du V\u00e9lodrome et les 66\u00a0279 fadas r\u00e9unis samedi \u00e0 Marseille <a href=\"https:\/\/www.laprovence.com\/article\/om\/18127652399169\/om-brest-3-0-lom-va-passer-la-treve-au-chaud\" target=\"_blank\" rel=\"noopener\">pour f\u00eater la victoire contre Brest (3-0).<\/a> Mais ainsi va la vie du Belge, retenu dans la liste A de la Belgique lors de l\u2019Euro-2024 et convoqu\u00e9 en novembre\u00a02025 avec la s\u00e9lection U21 pour d\u00e9fier les rivaux autrichiens dans les \u00e9liminatoires pour le championnat d\u2019Europe Espoirs.<\/p>\n<p>\u00ab\u00a0Arthur est redescendu apr\u00e8s avoir \u00e9t\u00e9 avec l\u2019\u00e9quipe A (6 s\u00e9lections, ndlr) pendant pratiquement deux ans. Il a eu une p\u00e9riode un peu moins bien, \u00e7a peut \u00eatre un boost pour lui. Quand il a \u00e9t\u00e9 retenu pour l\u2019Euro-2024, ce n\u2019\u00e9tait pas pour \u00eatre titulaire, c\u2019\u00e9tait un jeune qui pouvait observer et apprendre, \u00e9ventuellement jouer quelques matches\u00a0\u00bb, expose Thierry Siquet, responsable de la formation pour la partie francophone de la Belgique et ancien s\u00e9lectionneur des U19 belges, avec lesquels il a dirig\u00e9 Vermeeren.<\/p>\n<p>\u00ab\u00a0Il \u00e9tait surclass\u00e9 en U19 pour les qualifications pour l\u2019Euro. C\u2019\u00e9tait au moment o\u00f9 il \u00e9tait un joueur cl\u00e9 d\u2019Antwerp, il avait 17-18\u00a0ans. \u00c0 &#8230;<\/p>\n","protected":false},"excerpt":{"rendered":"Arthur Vermeeren va d\u00e9couvrir vendredi la Keine Sorgen Arena, sa pelouse naturelle et ses 7\u00a0700 places assises, ainsi&hellip;\n","protected":false},"author":2,"featured_media":528833,"comment_status":"","ping_status":"","sticky":false,"template":"","format":"standard","meta":{"footnotes":""},"categories":[2814],"tags":[17,1111,11,394,21725,1777,674,1011,27,151,12141,884,12,149,882,25,3711,55804],"class_list":{"0":"post-528832","1":"post","2":"type-post","3":"status-publish","4":"format-standard","5":"has-post-thumbnail","7":"category-marseille","8":"tag-17","9":"tag-actu","10":"tag-actualites","11":"tag-depuis","12":"tag-esprits","13":"tag-eu","14":"tag-europe","15":"tag-fr","16":"tag-france","17":"tag-les","18":"tag-marque","19":"tag-marseille","20":"tag-news","21":"tag-om","22":"tag-provence-alpes-cote-dazur","23":"tag-republique-francaise","24":"tag-son","25":"tag-vermeeren"},"share_on_mastodon":{"url":"https:\/\/pubeurope.com\/@fr\/115535574722027563","error":""},"_links":{"self":[{"href":"https:\/\/www.europesays.com\/fr\/wp-json\/wp\/v2\/posts\/528832","targetHints":{"allow":["GET"]}}],"collection":[{"href":"https:\/\/www.europesays.com\/fr\/wp-json\/wp\/v2\/posts"}],"about":[{"href":"https:\/\/www.europesays.com\/fr\/wp-json\/wp\/v2\/types\/post"}],"author":[{"embeddable":true,"href":"https:\/\/www.europesays.com\/fr\/wp-json\/wp\/v2\/users\/2"}],"replies":[{"embeddable":true,"href":"https:\/\/www.europesays.com\/fr\/wp-json\/wp\/v2\/comments?post=528832"}],"version-history":[{"count":0,"href":"https:\/\/www.europesays.com\/fr\/wp-json\/wp\/v2\/posts\/528832\/revisions"}],"wp:featuredmedia":[{"embeddable":true,"href":"https:\/\/www.europesays.com\/fr\/wp-json\/wp\/v2\/media\/528833"}],"wp:attachment":[{"href":"https:\/\/www.europesays.com\/fr\/wp-json\/wp\/v2\/media?parent=528832"}],"wp:term":[{"taxonomy":"category","embeddable":true,"href":"https:\/\/www.europesays.com\/fr\/wp-json\/wp\/v2\/categories?post=528832"},{"taxonomy":"post_tag","embeddable":true,"href":"https:\/\/www.europesays.com\/fr\/wp-json\/wp\/v2\/tags?post=528832"}],"curies":[{"name":"wp","href":"https:\/\/api.w.org\/{rel}","templated":true}]}}