{"id":528843,"date":"2025-11-12T07:41:11","date_gmt":"2025-11-12T07:41:11","guid":{"rendered":"https:\/\/www.europesays.com\/fr\/528843\/"},"modified":"2025-11-12T07:41:11","modified_gmt":"2025-11-12T07:41:11","slug":"on-devient-fou-apres-lincendie-rue-de-bercy-a-paris-le-calvaire-des-habitants-prives-de-leur-logement","status":"publish","type":"post","link":"https:\/\/www.europesays.com\/fr\/528843\/","title":{"rendered":"\u00ab\u00a0On devient fou\u00a0\u00bb\u00a0: apr\u00e8s l\u2019incendie rue de Bercy \u00e0 Paris, le calvaire des habitants priv\u00e9s de leur logement"},"content":{"rendered":"<p class=\"paragraph text_align_left lp-f-body-02\">Trois mois qu\u2019ils n\u2019ont plus mis un pied chez eux, que certains volets n\u2019ont plus \u00e9t\u00e9 ouverts et les plantes aux balcons arros\u00e9es. Les quelque 250 \u00e0 300 r\u00e9sidents qui occupent les <a href=\"https:\/\/www.leparisien.fr\/paris-75\/110-appartements-inhabitables-amiante-a-paris-les-lourdes-consequences-dun-incendie-probablement-criminel-22-08-2025-FXQTN33EN5ARDAPM422AL5OQRY.php\" target=\"_blank\" rel=\"noreferrer nofollow noopener\">110 appartements de l\u2019immeuble situ\u00e9 du 52 au 62, rue de Bercy (XIIe)<\/a> n\u2019ont plus acc\u00e8s \u00e0 leur domicile depuis le 13 ao\u00fbt. Le syndic de copropri\u00e9t\u00e9, g\u00e9rant de l\u2019immeuble, vient de leur annoncer qu\u2019\u00ab il serait tr\u00e8s illusoire d\u2019envisager une r\u00e9int\u00e9gration des parties privatives au plus t\u00f4t avant la fin du mois de janvier 2026 \u00bb.<\/p>\n<p class=\"paragraph text_align_left lp-f-body-02\">\u00ab Un coup de massue \u00bb, souffle Aline (tous les pr\u00e9noms des habitants ont \u00e9t\u00e9 chang\u00e9s), quinquag\u00e9naire domicili\u00e9e \u00e0 cette adresse situ\u00e9e \u00e0 400 m de l\u2019Accor Arena, et qui subit depuis trois mois les cons\u00e9quences de l\u2019incendie &#8211; dont l\u2019origine criminelle ne semble plus faire de doute &#8211; survenu dans le parking.<\/p>\n","protected":false},"excerpt":{"rendered":"Trois mois qu\u2019ils n\u2019ont plus mis un pied chez eux, que certains volets n\u2019ont plus \u00e9t\u00e9 ouverts et&hellip;\n","protected":false},"author":2,"featured_media":528844,"comment_status":"","ping_status":"","sticky":false,"template":"","format":"standard","meta":{"footnotes":""},"categories":[1888],"tags":[11,1777,674,1011,27,1944,12,626,25],"class_list":{"0":"post-528843","1":"post","2":"type-post","3":"status-publish","4":"format-standard","5":"has-post-thumbnail","7":"category-paris","8":"tag-actualites","9":"tag-eu","10":"tag-europe","11":"tag-fr","12":"tag-france","13":"tag-ma-ville","14":"tag-news","15":"tag-paris","16":"tag-republique-francaise"},"share_on_mastodon":{"url":"https:\/\/pubeurope.com\/@fr\/115535602170541474","error":""},"_links":{"self":[{"href":"https:\/\/www.europesays.com\/fr\/wp-json\/wp\/v2\/posts\/528843","targetHints":{"allow":["GET"]}}],"collection":[{"href":"https:\/\/www.europesays.com\/fr\/wp-json\/wp\/v2\/posts"}],"about":[{"href":"https:\/\/www.europesays.com\/fr\/wp-json\/wp\/v2\/types\/post"}],"author":[{"embeddable":true,"href":"https:\/\/www.europesays.com\/fr\/wp-json\/wp\/v2\/users\/2"}],"replies":[{"embeddable":true,"href":"https:\/\/www.europesays.com\/fr\/wp-json\/wp\/v2\/comments?post=528843"}],"version-history":[{"count":0,"href":"https:\/\/www.europesays.com\/fr\/wp-json\/wp\/v2\/posts\/528843\/revisions"}],"wp:featuredmedia":[{"embeddable":true,"href":"https:\/\/www.europesays.com\/fr\/wp-json\/wp\/v2\/media\/528844"}],"wp:attachment":[{"href":"https:\/\/www.europesays.com\/fr\/wp-json\/wp\/v2\/media?parent=528843"}],"wp:term":[{"taxonomy":"category","embeddable":true,"href":"https:\/\/www.europesays.com\/fr\/wp-json\/wp\/v2\/categories?post=528843"},{"taxonomy":"post_tag","embeddable":true,"href":"https:\/\/www.europesays.com\/fr\/wp-json\/wp\/v2\/tags?post=528843"}],"curies":[{"name":"wp","href":"https:\/\/api.w.org\/{rel}","templated":true}]}}