{"id":528845,"date":"2025-11-12T07:44:25","date_gmt":"2025-11-12T07:44:25","guid":{"rendered":"https:\/\/www.europesays.com\/fr\/528845\/"},"modified":"2025-11-12T07:44:25","modified_gmt":"2025-11-12T07:44:25","slug":"ceremonie-jardin-du-souvenir-musique-discours-dix-ans-apres-paris-sapprete-a-commemorer-le-13-novembre","status":"publish","type":"post","link":"https:\/\/www.europesays.com\/fr\/528845\/","title":{"rendered":"C\u00e9r\u00e9monie. Jardin du souvenir, musique, discours&#8230; dix ans apr\u00e8s, Paris s\u2019appr\u00eate \u00e0 comm\u00e9morer le 13-Novembre"},"content":{"rendered":"<p>\u00ab\u00a0C\u2019est un moment qu\u2019on voulait inscrire dans l\u2019histoire de Paris, car les attentats du 13-Novembre font partie de cette histoire\u00a0\u00bb, explique <a href=\"https:\/\/www.ledauphine.com\/p\/anne-hidalgo\" target=\"_blank\" rel=\"noopener\">Anne Hidalgo<\/a>, la maire de la capitale. Dix ans jour pour jour apr\u00e8s les attentats qui ont endeuill\u00e9 le pays, la capitale s\u2019appr\u00eate \u00e0 inaugurer le jardin du souvenir, promis aux victimes et \u00e0 leurs familles. L&rsquo;ouverture aura lieu ce jeudi dans le cadre d\u2019une c\u00e9r\u00e9monie orchestr\u00e9e par Thierry Reboul, le directeur <a href=\"https:\/\/www.ledauphine.com\/culture-loisirs\/2024\/08\/08\/la-ceremonie-d-ouverture-des-jo-livre-(encore)-ses-derniers-secrets\" target=\"_blank\" rel=\"noopener\">des c\u00e9r\u00e9monies des JO de Paris<\/a>, et retransmise en direct \u00e0 la t\u00e9l\u00e9vision.<\/p>\n<p>Au programme\u00a0: une succession de temps forts et de moments plus impos\u00e9s, mais dont la musique constituera le fil rouge, entre rock et Marseillaise, ch\u0153urs de la Garde r\u00e9publicaine et artistes invit\u00e9s. \u00ab\u00a0Il m\u2019a sembl\u00e9 que la musique devait \u00eatre le fil conducteur, car c\u2019\u00e9tait la culture principale de beaucoup des victimes &#8211; et pas seulement au Bataclan, mais aussi aux terrasses\u00a0\u00bb, analyse Thierry Reboul. Outre un Requiem des lumi\u00e8res compos\u00e9 par <a href=\"https:\/\/www.ledauphine.com\/culture-loisirs\/2024\/09\/12\/la-bande-son-de-nos-souvenirs-parade-le-morceau-phare-des-jeux-disponible-a-minuit\" target=\"_blank\" rel=\"noopener\">Victor Le Masne (\u00e0 l\u2019origine de l\u2019hymne des JO parisiens)<\/a>, la c\u00e9r\u00e9monie perp\u00e9tuera \u00e9galement la tradition \u00e9tablie par les associations de victimes de pr\u00e9senter deux chansons\u00a0: une pour les morts et une pour les vivants.<\/p>\n<p>Les associations \u00e9troitement associ\u00e9es<\/p>\n<p>Les deux associations de victimes, 13onze15 et Life for Paris, ont \u00e9t\u00e9 \u00e9troitement associ\u00e9es \u00e0 l\u2019organisation de la c\u00e9r\u00e9monie comme \u00e0 l\u2019am\u00e9nagement du jardin du souvenir. Leurs deux pr\u00e9sidents, Philippe Duperron et Arthur D\u00e9nouveaux, prendront successivement la parole, avant de laisser le micro \u00e0 Anne Hidalgo et au pr\u00e9sident <a href=\"https:\/\/www.ledauphine.com\/p\/emmanuel-macron\" target=\"_blank\" rel=\"noopener\">Emmanuel Macron<\/a>.<\/p>\n<p>Plusieurs sites avaient \u00e9t\u00e9 envisag\u00e9s pour accueillir ce jardin m\u00e9moriel. \u00ab\u00a0Il \u00e9tait \u00e9vident pour nous que cela ne pouvait pas \u00eatre un des lieux des attentats, explique Philippe Duperron. En choisir un, cela aurait \u00e9t\u00e9 exclure tous les autres. \u00bb C\u2019est donc un lieu neutre, \u00e0 l\u2019arri\u00e8re de l\u2019H\u00f4tel de Ville, qui a recueilli les suffrages des associations. Le jardin a \u00e9t\u00e9 con\u00e7u comme une clairi\u00e8re, travers\u00e9e d\u2019all\u00e9es min\u00e9rales et ceintur\u00e9e de bosquets, sur les bords de laquelle \u00e9mergent six st\u00e8les de granit\u00a0pour chacun des lieux des attentats (le Stade de France \u00e0 Saint-Denis, La Belle \u00c9quipe, Le Petit Cambodge et Le Carillon, La Bonne bi\u00e8re et Casa Nostra, Le Comptoir Voltaire et Le Bataclan \u00e0 Paris). C\u2019est sur ces st\u00e8les qu\u2019ont \u00e9t\u00e9 grav\u00e9s les noms des 132 victimes.<\/p>\n<p>Mais ce lieu de recueillement a \u00e9t\u00e9 pens\u00e9 aussi comme un lieu de vie. Un soin particulier a \u00e9t\u00e9 port\u00e9 \u00e0 la v\u00e9g\u00e9talisation par le paysagiste Gilles Cl\u00e9ment\u00a0: le jardin a \u00e9t\u00e9 con\u00e7u pour\u00a0favoriser l\u2019installation des passereaux, se transformer au fil des saisons et pr\u00e9senter un aspect fleuri en novembre. Il s\u2019articule \u00e9galement autour de deux arbres remarquables\u00a0: l\u2019Olivier de la paix, symbole de r\u00e9silience, et l\u2019Orme Saint-Gervais au pied duquel la justice \u00e9tait rendue au Moyen-\u00c2ge.<\/p>\n<p>Avant la c\u00e9r\u00e9monie, des hommages sont aussi pr\u00e9vus sur les sites des attentats. Un espace de m\u00e9moire et de recueillement a \u00e9galement \u00e9t\u00e9 am\u00e9nag\u00e9 place de la R\u00e9publique\u00a0: il restera en place toute la semaine.<\/p>\n<p class=\"note\">D\u00e9but des c\u00e9r\u00e9monies ce jeudi 13\u00a0novembre \u00e0 18\u00a0h. \u00c9missions sp\u00e9ciales \u00e0 partir de 16\u00a0h\u00a030 sur France 2 et de 17\u00a0h\u00a025 sur TF1.<\/p>\n","protected":false},"excerpt":{"rendered":"\u00ab\u00a0C\u2019est un moment qu\u2019on voulait inscrire dans l\u2019histoire de Paris, car les attentats du 13-Novembre font partie de&hellip;\n","protected":false},"author":2,"featured_media":528846,"comment_status":"","ping_status":"","sticky":false,"template":"","format":"standard","meta":{"footnotes":""},"categories":[1888],"tags":[11,64249,63704,1777,674,107,1011,27,329,12,626,25,104,1254],"class_list":{"0":"post-528845","1":"post","2":"type-post","3":"status-publish","4":"format-standard","5":"has-post-thumbnail","7":"category-paris","8":"tag-actualites","9":"tag-attentats-de-paris","10":"tag-attentats-du-13-novembre-2015","11":"tag-eu","12":"tag-europe","13":"tag-fil-info","14":"tag-fr","15":"tag-france","16":"tag-france-monde","17":"tag-news","18":"tag-paris","19":"tag-republique-francaise","20":"tag-societe","21":"tag-terrorisme"},"share_on_mastodon":{"url":"https:\/\/pubeurope.com\/@fr\/115535614012746147","error":""},"_links":{"self":[{"href":"https:\/\/www.europesays.com\/fr\/wp-json\/wp\/v2\/posts\/528845","targetHints":{"allow":["GET"]}}],"collection":[{"href":"https:\/\/www.europesays.com\/fr\/wp-json\/wp\/v2\/posts"}],"about":[{"href":"https:\/\/www.europesays.com\/fr\/wp-json\/wp\/v2\/types\/post"}],"author":[{"embeddable":true,"href":"https:\/\/www.europesays.com\/fr\/wp-json\/wp\/v2\/users\/2"}],"replies":[{"embeddable":true,"href":"https:\/\/www.europesays.com\/fr\/wp-json\/wp\/v2\/comments?post=528845"}],"version-history":[{"count":0,"href":"https:\/\/www.europesays.com\/fr\/wp-json\/wp\/v2\/posts\/528845\/revisions"}],"wp:featuredmedia":[{"embeddable":true,"href":"https:\/\/www.europesays.com\/fr\/wp-json\/wp\/v2\/media\/528846"}],"wp:attachment":[{"href":"https:\/\/www.europesays.com\/fr\/wp-json\/wp\/v2\/media?parent=528845"}],"wp:term":[{"taxonomy":"category","embeddable":true,"href":"https:\/\/www.europesays.com\/fr\/wp-json\/wp\/v2\/categories?post=528845"},{"taxonomy":"post_tag","embeddable":true,"href":"https:\/\/www.europesays.com\/fr\/wp-json\/wp\/v2\/tags?post=528845"}],"curies":[{"name":"wp","href":"https:\/\/api.w.org\/{rel}","templated":true}]}}