{"id":528847,"date":"2025-11-12T07:45:15","date_gmt":"2025-11-12T07:45:15","guid":{"rendered":"https:\/\/www.europesays.com\/fr\/528847\/"},"modified":"2025-11-12T07:45:15","modified_gmt":"2025-11-12T07:45:15","slug":"la-haute-cour-bloque-la-construction-dune-nouvelle-ambassade-russe","status":"publish","type":"post","link":"https:\/\/www.europesays.com\/fr\/528847\/","title":{"rendered":"la Haute Cour bloque la construction d&rsquo;une nouvelle ambassade russe"},"content":{"rendered":"<p class=\"fig-paragraph\">Le gouvernement\u00a0<a href=\"https:\/\/www.lefigaro.fr\/tag\/russie\" target=\"_blank\" rel=\"sponsored noopener\" data-gtm-custom-categorie=\"navigation\" data-gtm-custom-action=\"crossclick\" data-gtm-custom-label=\"Contextuel\" data-gtm-event=\"customEventSPE\">russe\u00a0<\/a>a perdu mercredi son\u00a0<a href=\"http:\/\/www.lefigaro.fr\/international\/australie-la-russie-subit-un-revers-juridique-pour-la-construction-de-sa-nouvelle-ambassade-20230626\" data-fig-type=\"NewsFlash\" data-gtm-custom-categorie=\"navigation\" data-gtm-custom-action=\"crossclick\" data-gtm-custom-label=\"Contextuel\" data-gtm-event=\"customEventSPE\" data-fig-domain=\"LEFIGARO\" target=\"_blank\" rel=\"noopener\">proc\u00e8s\u00a0<\/a>devant la Haute Cour d&rsquo;Australie pour construire sa nouvelle ambassade \u00e0 moins d&rsquo;un kilom\u00e8tre du parlement australien. La Russie avait acquis en 2008 le bail de ce terrain, situ\u00e9 \u00e0 environ 400 m\u00e8tres du Parlement \u00e0 Canberra, mais il avait \u00e9t\u00e9 r\u00e9voqu\u00e9 en 2023 apr\u00e8s l&rsquo;adoption de nouvelles lois sp\u00e9cialement con\u00e7ues pour bloquer la construction.<\/p>\n<p class=\"fig-paragraph\">Le premier ministre australien Anthony Albanese avait alors d\u00e9clar\u00e9 que le gouvernement avait re\u00e7u \u00abdes recommandations tr\u00e8s claires\u00bb de la part des services secrets de Canberra concernant \u00able risque que repr\u00e9sentait une nouvelle pr\u00e9sence russe si proche du Parlement\u00bb. Cette d\u00e9cision avait d\u00e9clench\u00e9 une bataille juridique entre les deux pays, les avocats repr\u00e9sentant Moscou arguant que la loi \u00e9tait inconstitutionnelle.<\/p>\n<p>                                    <a class=\"fig-a11y-skip a11y-hidden\" href=\"#fig-a11y-skip-main-inarticle\"><br \/>\n        Passer la publicit\u00e9<br \/>\n    <\/a><\/p>\n<p class=\"fig-paragraph\">La Haute Cour a confirm\u00e9 mercredi la validit\u00e9 de la loi. Mais elle a \u00e9galement estim\u00e9 que le gouvernement australien devait verser une indemnisation \u00e0 la Russie. Apr\u00e8s le vote de la loi en 2023, les tentatives de l&rsquo;Australie pour saisir rapidement le terrain avaient \u00e9t\u00e9 contrecarr\u00e9es par un diplomate russe, charg\u00e9 d&rsquo;occuper le site. Install\u00e9 dans un petit cabanon de s\u00e9curit\u00e9 au milieu des d\u00e9bris du chantier, il avait \u00e9t\u00e9 aper\u00e7u en train de fumer des cigarettes dans des temp\u00e9ratures glaciales. Il avait \u00e9t\u00e9 expuls\u00e9 quelques jours plus tard.<\/p>\n","protected":false},"excerpt":{"rendered":"Le gouvernement\u00a0russe\u00a0a perdu mercredi son\u00a0proc\u00e8s\u00a0devant la Haute Cour d&rsquo;Australie pour construire sa nouvelle ambassade \u00e0 moins d&rsquo;un kilom\u00e8tre&hellip;\n","protected":false},"author":2,"featured_media":528848,"comment_status":"","ping_status":"","sticky":false,"template":"","format":"standard","meta":{"footnotes":""},"categories":[1591],"tags":[11,8539,5035,1887,12,1885,1886,132],"class_list":{"0":"post-528847","1":"post","2":"type-post","3":"status-publish","4":"format-standard","5":"has-post-thumbnail","7":"category-russie","8":"tag-actualites","9":"tag-ambassade","10":"tag-australie","11":"tag-federation-de-russie","12":"tag-news","13":"tag-russia","14":"tag-russian-federation","15":"tag-russie"},"share_on_mastodon":{"url":"https:\/\/pubeurope.com\/@fr\/115535617980961808","error":""},"_links":{"self":[{"href":"https:\/\/www.europesays.com\/fr\/wp-json\/wp\/v2\/posts\/528847","targetHints":{"allow":["GET"]}}],"collection":[{"href":"https:\/\/www.europesays.com\/fr\/wp-json\/wp\/v2\/posts"}],"about":[{"href":"https:\/\/www.europesays.com\/fr\/wp-json\/wp\/v2\/types\/post"}],"author":[{"embeddable":true,"href":"https:\/\/www.europesays.com\/fr\/wp-json\/wp\/v2\/users\/2"}],"replies":[{"embeddable":true,"href":"https:\/\/www.europesays.com\/fr\/wp-json\/wp\/v2\/comments?post=528847"}],"version-history":[{"count":0,"href":"https:\/\/www.europesays.com\/fr\/wp-json\/wp\/v2\/posts\/528847\/revisions"}],"wp:featuredmedia":[{"embeddable":true,"href":"https:\/\/www.europesays.com\/fr\/wp-json\/wp\/v2\/media\/528848"}],"wp:attachment":[{"href":"https:\/\/www.europesays.com\/fr\/wp-json\/wp\/v2\/media?parent=528847"}],"wp:term":[{"taxonomy":"category","embeddable":true,"href":"https:\/\/www.europesays.com\/fr\/wp-json\/wp\/v2\/categories?post=528847"},{"taxonomy":"post_tag","embeddable":true,"href":"https:\/\/www.europesays.com\/fr\/wp-json\/wp\/v2\/tags?post=528847"}],"curies":[{"name":"wp","href":"https:\/\/api.w.org\/{rel}","templated":true}]}}