{"id":528851,"date":"2025-11-12T07:47:17","date_gmt":"2025-11-12T07:47:17","guid":{"rendered":"https:\/\/www.europesays.com\/fr\/528851\/"},"modified":"2025-11-12T07:47:17","modified_gmt":"2025-11-12T07:47:17","slug":"enfin-vers-la-fin-du-shutdown","status":"publish","type":"post","link":"https:\/\/www.europesays.com\/fr\/528851\/","title":{"rendered":"enfin vers la fin du Shutdown ?"},"content":{"rendered":"<p>\t\t\t\t\t\t\t\t\t\tTourisme aux USA : enfin vers la fin du Shutdown ?<\/p>\n<p><\/p>\n<p>\t\t\t\t\t\t\t\t\t\t\t\t<a href=\"https:\/\/www.europesays.com\/fr\/wp-content\/uploads\/2025\/11\/Etats-Unis-3.jpg\" class=\"lightbox-photo\" title=\"\"><img decoding=\"async\" src=\"https:\/\/www.europesays.com\/fr\/wp-content\/uploads\/2025\/11\/Etats-Unis-3.jpg\" alt=\"\" width=\"865\" style=\"width:865px;box-shadow: 0px 0px 10px 1px rgba(0,0,0,1);\"\/><\/a><\/p>\n<p>\t\t\t\t\t\t\t\t\t\t&#13;<br \/>\n\t\t\t\t\t\t\t\t\t\t&#13;<br \/>\n\t\t\t\t\t\t\t\t\t\t\t12 novembre 2025\u00a0\u00a0&#13;<br \/>\n\t\t\t\t\t\t\t\t\t\t\t&#13;<br \/>\n\t\t\t\t\t\t\t\t\t\t\t<a href=\"https:\/\/www.laquotidienne.fr\/author\/preibec\/\" title=\"Articles par R\u00e9daction\" rel=\"author noopener\" target=\"_blank\">R\u00e9daction<\/a>\u00a0\u00a0&#13;<br \/>\n\t\t\t\t\t\t\t\t\t\t\t&#13;<br \/>\n\t\t\t\t\t\t\t\t\t\t\t&#13;<br \/>\n\t\t\t\t\t\t\t\t\t\t\t<a href=\"#comments\" class=\"scrollTo item-meta-i\"><\/a><a href=\"https:\/\/www.laquotidienne.fr\/tourisme-aux-usa-enfin-vers-la-fin-du-shutdown\/#respond\" target=\"_blank\" rel=\"noopener\">Aucun commentaire<\/a>\u00a0\u00a0&#13;<br \/>\n\t\t\t\t\t\t\t\t\t\t\t&#13;<br \/>\n\t\t\t\t\t\t\t\t\t\t\t<a href=\"https:\/\/www.laquotidienne.fr\/rubrique\/pays\/\" rel=\"category tag noopener\" target=\"_blank\">Pays<\/a>\u00a0\u00a0&#13;<br \/>\n\t\t\t\t\t\t\t\t\t\t\t&#13;<br \/>\n\t\t\t\t\t\t\t\t\t\t\t\u00a0<a href=\"https:\/\/www.laquotidienne.fr\/tag\/donald-trump\/\" rel=\"tag noopener\" target=\"_blank\">Donald Trump<\/a>, <a href=\"https:\/\/www.laquotidienne.fr\/tag\/etats-unis-2\/\" rel=\"tag noopener\" target=\"_blank\">Etats Unis<\/a>, <a href=\"https:\/\/www.laquotidienne.fr\/tag\/shutdown\/\" rel=\"tag noopener\" target=\"_blank\">Shutdown<\/a>\u00a0\u00a0&#13;<br \/>\n\t\t\t\t\t\t\t\t\t\t\t&#13;<br \/>\n\t\t\t\t\t\t\t\t\t\t\t&#13;<br \/>\n\t\t\t\t\t\t\t\t\t\t\t&#13;<\/p>\n<p><strong>Un accord provisoire a \u00e9t\u00e9 trouv\u00e9 dimanche entre les s\u00e9nateurs am\u00e9ricains, signalant un possible d\u00e9nouement \u00e0 la plus longue paralysie budg\u00e9taire de l\u2019histoire des \u00c9tats-Unis, entam\u00e9e il y a 41 jours. Le S\u00e9nat a vot\u00e9 une proposition permettant la reprise de l\u2019examen budg\u00e9taire et une potentielle lev\u00e9e du blocage des services publics f\u00e9d\u00e9raux \u00ab\u00a0non essentiels\u00a0\u00bb.<\/strong><\/p>\n<p><img decoding=\"async\" loading=\"lazy\" class=\"size-full wp-image-166257 alignleft\" src=\"https:\/\/www.europesays.com\/fr\/wp-content\/uploads\/2025\/11\/Etats-Unis-4.jpg\" alt=\"\" width=\"640\" height=\"476\"  \/>La motion, adopt\u00e9e par 60 voix contre 40 (le minimum requis), propose une nouvelle mesure transitoire qui financerait le gouvernement f\u00e9d\u00e9ral uniquement jusqu\u2019au 30 janvier 2026.<\/p>\n<p>L\u2019accord provisoire inclut \u00e9galement trois projets de loi de finances distincts couvrant des programmes essentiels (agriculture, constructions militaires, agences l\u00e9gislatives).<\/p>\n<p>Il pr\u00e9voit l\u2019annulation des licenciements et le paiement des arri\u00e9r\u00e9s de salaires pour les fonctionnaires mis en cong\u00e9s forc\u00e9s durant le shutdown.<\/p>\n<p><img decoding=\"async\" loading=\"lazy\" class=\"size-full wp-image-161613 alignleft\" src=\"https:\/\/www.europesays.com\/fr\/wp-content\/uploads\/2025\/11\/Etats-Unis.jpg\" alt=\"\" width=\"640\" height=\"414\"  \/>Les R\u00e9publicains se sont de plus engag\u00e9s \u00e0 permettre un vote en d\u00e9cembre sur la prolongation d\u2019un an des remboursements de soins de sant\u00e9, une mesure r\u00e9clam\u00e9e par les D\u00e9mocrates.<\/p>\n<p>Le pr\u00e9sident Donald Trump a comment\u00e9 une \u00ab\u00a0approche de la fin du shutdown\u00ab\u00a0, et les bourses europ\u00e9ennes ont imm\u00e9diatement salu\u00e9 cette nouvelle en ouvrant en forte hausse le lundi matin.<\/p>\n<p><img decoding=\"async\" loading=\"lazy\" class=\"size-full wp-image-148472 alignleft\" src=\"https:\/\/www.europesays.com\/fr\/wp-content\/uploads\/2025\/11\/etats-unis.jpg\" alt=\"\" width=\"640\" height=\"366\"  \/>Cependant, l\u2019accord, loin de faire l\u2019unanimit\u00e9 et courant sur une p\u00e9riode tr\u00e8s courte, n\u2019\u00e9carte pas totalement le risque d\u2019un nouveau blocage au d\u00e9but de l\u2019ann\u00e9e 2026.<\/p>\n<p>La lev\u00e9e totale du shutdown n\u2019est pas encore assur\u00e9e.<\/p>\n<p>Le projet de loi doit encore passer par un vote final au S\u00e9nat, \u00eatre adopt\u00e9 ensuite par la Chambre des repr\u00e9sentants, et enfin \u00eatre sign\u00e9 par le dirigeant am\u00e9ricain.<\/p>\n<p>Ce processus pourrait prendre plusieurs jours et n\u00e9cessite l\u2019accord unanime du S\u00e9nat pour renoncer \u00e0 certaines \u00e9tapes proc\u00e9durales, faute de quoi le d\u00e9blocage pourrait encore \u00eatre retard\u00e9.<\/p>\n<p>\t\t\t\t\t\t\t\t\t\t\t<br clear=\"all\"\/><\/p>\n<p>\t\t\t\t\t\t\t\t\t\t\t&#13;<br \/>\n\t\t\t\t\t\t\t\t\t\t\t\t\t\t\t\t\t\t\t\t\t\t<a href=\"https:\/\/www.facebook.com\/sharer.php?u=https:\/\/www.laquotidienne.fr\/tourisme-aux-usa-enfin-vers-la-fin-du-shutdown\/&amp;t=Tourisme aux USA : enfin vers la fin du Shutdown ?\" target=\"_blank\" class=\"item\" title=\"Partagez sur Facebook\" rel=\"noopener\"><img decoding=\"async\" src=\"https:\/\/www.europesays.com\/fr\/wp-content\/uploads\/2025\/04\/fb.jpg\" style=\"box-shadow:0px 0px 10px black;\"\/><\/a><br \/>&#13;<br \/>\n\t\t\t\t\t\t\t\t\t\t\t<a href=\"https:\/\/www.facebook.com\/sharer.php?u=https:\/\/www.laquotidienne.fr\/tourisme-aux-usa-enfin-vers-la-fin-du-shutdown\/&amp;t=Tourisme aux USA : enfin vers la fin du Shutdown ?\" target=\"_blank\" class=\"item\" title=\"Partagez sur Facebook\" rel=\"noopener\"><img decoding=\"async\" src=\"https:\/\/www.europesays.com\/fr\/wp-content\/uploads\/2025\/11\/Etats-Unis-3-resizedFile55.jpg\" style=\"width:300px;\"\/><\/a>&#13;<\/p>\n<p>&#13;\n\t\t\t\t\t\t\t\t\t\t<\/p>\n","protected":false},"excerpt":{"rendered":"Tourisme aux USA : enfin vers la fin du Shutdown ? &#13; &#13; 12 novembre 2025\u00a0\u00a0&#13; &#13; R\u00e9daction\u00a0\u00a0&#13;&hellip;\n","protected":false},"author":2,"featured_media":528852,"comment_status":"","ping_status":"","sticky":false,"template":"","format":"standard","meta":{"footnotes":""},"categories":[1589],"tags":[11,73,1866,27,1031,4052,12,4048,4050,1404,4049,4053,4051,602,1864,1865,1863,308],"class_list":{"0":"post-528851","1":"post","2":"type-post","3":"status-publish","4":"format-standard","5":"has-post-thumbnail","7":"category-etats-unis","8":"tag-actualites","9":"tag-etats-unis","10":"tag-etats-unis-damerique","11":"tag-france","12":"tag-magazine","13":"tag-magazine-touristique","14":"tag-news","15":"tag-presse","16":"tag-presse-professionnelle","17":"tag-quotidien","18":"tag-quotidienne","19":"tag-revue","20":"tag-revue-tourisme","21":"tag-tourisme","22":"tag-united-states","23":"tag-united-states-of-america","24":"tag-us","25":"tag-usa"},"share_on_mastodon":{"url":"https:\/\/pubeurope.com\/@fr\/115535626641214478","error":""},"_links":{"self":[{"href":"https:\/\/www.europesays.com\/fr\/wp-json\/wp\/v2\/posts\/528851","targetHints":{"allow":["GET"]}}],"collection":[{"href":"https:\/\/www.europesays.com\/fr\/wp-json\/wp\/v2\/posts"}],"about":[{"href":"https:\/\/www.europesays.com\/fr\/wp-json\/wp\/v2\/types\/post"}],"author":[{"embeddable":true,"href":"https:\/\/www.europesays.com\/fr\/wp-json\/wp\/v2\/users\/2"}],"replies":[{"embeddable":true,"href":"https:\/\/www.europesays.com\/fr\/wp-json\/wp\/v2\/comments?post=528851"}],"version-history":[{"count":0,"href":"https:\/\/www.europesays.com\/fr\/wp-json\/wp\/v2\/posts\/528851\/revisions"}],"wp:featuredmedia":[{"embeddable":true,"href":"https:\/\/www.europesays.com\/fr\/wp-json\/wp\/v2\/media\/528852"}],"wp:attachment":[{"href":"https:\/\/www.europesays.com\/fr\/wp-json\/wp\/v2\/media?parent=528851"}],"wp:term":[{"taxonomy":"category","embeddable":true,"href":"https:\/\/www.europesays.com\/fr\/wp-json\/wp\/v2\/categories?post=528851"},{"taxonomy":"post_tag","embeddable":true,"href":"https:\/\/www.europesays.com\/fr\/wp-json\/wp\/v2\/tags?post=528851"}],"curies":[{"name":"wp","href":"https:\/\/api.w.org\/{rel}","templated":true}]}}