{"id":528853,"date":"2025-11-12T07:48:15","date_gmt":"2025-11-12T07:48:15","guid":{"rendered":"https:\/\/www.europesays.com\/fr\/528853\/"},"modified":"2025-11-12T07:48:15","modified_gmt":"2025-11-12T07:48:15","slug":"paypal-relance-ses-activites-au-royaume-uni-apres-pres-de-deux-ans","status":"publish","type":"post","link":"https:\/\/www.europesays.com\/fr\/528853\/","title":{"rendered":"PayPal relance ses activit\u00e9s au Royaume-Uni apr\u00e8s pr\u00e8s de deux ans."},"content":{"rendered":"<p>-PayPal a annonc\u00e9 mercredi son retour au Royaume-Uni pour permettre \u00e0 ses clients de faire leurs achats en ligne et en magasin, pr\u00e8s de deux ans apr\u00e8s avoir restructur\u00e9 ses activit\u00e9s dans ce pays \u00e0 la suite du Brexit.<\/p>\n<p>               La plateforme de paiement num\u00e9rique a d\u00e9clar\u00e9 que les clients britanniques auront acc\u00e8s \u00e0 des cartes de d\u00e9bit utilisables dans le monde entier sans frais de transaction, \u00e0 des cartes de cr\u00e9dit et \u00e0 son programme de fid\u00e9lit\u00e9 PayPal+.<\/p>\n","protected":false},"excerpt":{"rendered":"-PayPal a annonc\u00e9 mercredi son retour au Royaume-Uni pour permettre \u00e0 ses clients de faire leurs achats en&hellip;\n","protected":false},"author":2,"featured_media":528854,"comment_status":"","ping_status":"","sticky":false,"template":"","format":"standard","meta":{"footnotes":""},"categories":[1588],"tags":[11,340,1777,674,12,473,1853,1851,1850,1852],"class_list":{"0":"post-528853","1":"post","2":"type-post","3":"status-publish","4":"format-standard","5":"has-post-thumbnail","7":"category-royaume-uni","8":"tag-actualites","9":"tag-bourse","10":"tag-eu","11":"tag-europe","12":"tag-news","13":"tag-royaume-uni","14":"tag-royaume-uni-de-grande-bretagne-et-dirlande-du-nord","15":"tag-uk","16":"tag-united-kingdom","17":"tag-united-kingdom-of-great-britain-and-northern-ireland"},"share_on_mastodon":{"url":"https:\/\/pubeurope.com\/@fr\/115535629805300117","error":""},"_links":{"self":[{"href":"https:\/\/www.europesays.com\/fr\/wp-json\/wp\/v2\/posts\/528853","targetHints":{"allow":["GET"]}}],"collection":[{"href":"https:\/\/www.europesays.com\/fr\/wp-json\/wp\/v2\/posts"}],"about":[{"href":"https:\/\/www.europesays.com\/fr\/wp-json\/wp\/v2\/types\/post"}],"author":[{"embeddable":true,"href":"https:\/\/www.europesays.com\/fr\/wp-json\/wp\/v2\/users\/2"}],"replies":[{"embeddable":true,"href":"https:\/\/www.europesays.com\/fr\/wp-json\/wp\/v2\/comments?post=528853"}],"version-history":[{"count":0,"href":"https:\/\/www.europesays.com\/fr\/wp-json\/wp\/v2\/posts\/528853\/revisions"}],"wp:featuredmedia":[{"embeddable":true,"href":"https:\/\/www.europesays.com\/fr\/wp-json\/wp\/v2\/media\/528854"}],"wp:attachment":[{"href":"https:\/\/www.europesays.com\/fr\/wp-json\/wp\/v2\/media?parent=528853"}],"wp:term":[{"taxonomy":"category","embeddable":true,"href":"https:\/\/www.europesays.com\/fr\/wp-json\/wp\/v2\/categories?post=528853"},{"taxonomy":"post_tag","embeddable":true,"href":"https:\/\/www.europesays.com\/fr\/wp-json\/wp\/v2\/tags?post=528853"}],"curies":[{"name":"wp","href":"https:\/\/api.w.org\/{rel}","templated":true}]}}