{"id":528855,"date":"2025-11-12T07:49:30","date_gmt":"2025-11-12T07:49:30","guid":{"rendered":"https:\/\/www.europesays.com\/fr\/528855\/"},"modified":"2025-11-12T07:49:30","modified_gmt":"2025-11-12T07:49:30","slug":"spie-annonce-une-acquisition-en-allemagne","status":"publish","type":"post","link":"https:\/\/www.europesays.com\/fr\/528855\/","title":{"rendered":"Spie annonce une acquisition en Allemagne"},"content":{"rendered":"<p>(AOF) &#8211; Spie a sign\u00e9 un accord portant sur l\u2019acquisition de 89% du capital de la soci\u00e9t\u00e9 allemande PIK AG. Bas\u00e9e \u00e0 Berlin, cette derni\u00e8re emploie environ 170 personnes et est sp\u00e9cialis\u00e9e dans l\u2019int\u00e9gration et la maintenance de syst\u00e8mes audiovisuels complexes, notamment pour les salles de conf\u00e9rence, amphith\u00e9\u00e2tres et salles de concert. Son portefeuille de services complet couvre l\u2019int\u00e9gration globale des technologies audiovisuelles et d\u2019\u00e9clairage. L\u2019an dernier, PIK a g\u00e9n\u00e9r\u00e9 42 millions d\u2019euros de revenus et b\u00e9n\u00e9ficie d\u2019une dynamique de croissance organique r\u00e9guli\u00e8re et d\u2019une base de clients solides. <\/p>\n<p>Les 11% du capital resteront d\u00e9tenus par l&rsquo;ancien propri\u00e9taire et l&rsquo;\u00e9quipe de direction. Le montant de la transaction n&rsquo;a pas \u00e9t\u00e9 d\u00e9voil\u00e9.<\/p>\n","protected":false},"excerpt":{"rendered":"(AOF) &#8211; Spie a sign\u00e9 un accord portant sur l\u2019acquisition de 89% du capital de la soci\u00e9t\u00e9 allemande&hellip;\n","protected":false},"author":2,"featured_media":263698,"comment_status":"","ping_status":"","sticky":false,"template":"","format":"standard","meta":{"footnotes":""},"categories":[1587],"tags":[11,672,1804,1805,1803,1777,674,1801,12,1802],"class_list":{"0":"post-528855","1":"post","2":"type-post","3":"status-publish","4":"format-standard","5":"has-post-thumbnail","7":"category-allemagne","8":"tag-actualites","9":"tag-allemagne","10":"tag-bundesrepublik-deutschland","11":"tag-de","12":"tag-deutschland","13":"tag-eu","14":"tag-europe","15":"tag-germany","16":"tag-news","17":"tag-republique-federale-dallemagne"},"share_on_mastodon":{"url":"https:\/\/pubeurope.com\/@fr\/115535633749111487","error":""},"_links":{"self":[{"href":"https:\/\/www.europesays.com\/fr\/wp-json\/wp\/v2\/posts\/528855","targetHints":{"allow":["GET"]}}],"collection":[{"href":"https:\/\/www.europesays.com\/fr\/wp-json\/wp\/v2\/posts"}],"about":[{"href":"https:\/\/www.europesays.com\/fr\/wp-json\/wp\/v2\/types\/post"}],"author":[{"embeddable":true,"href":"https:\/\/www.europesays.com\/fr\/wp-json\/wp\/v2\/users\/2"}],"replies":[{"embeddable":true,"href":"https:\/\/www.europesays.com\/fr\/wp-json\/wp\/v2\/comments?post=528855"}],"version-history":[{"count":0,"href":"https:\/\/www.europesays.com\/fr\/wp-json\/wp\/v2\/posts\/528855\/revisions"}],"wp:featuredmedia":[{"embeddable":true,"href":"https:\/\/www.europesays.com\/fr\/wp-json\/wp\/v2\/media\/263698"}],"wp:attachment":[{"href":"https:\/\/www.europesays.com\/fr\/wp-json\/wp\/v2\/media?parent=528855"}],"wp:term":[{"taxonomy":"category","embeddable":true,"href":"https:\/\/www.europesays.com\/fr\/wp-json\/wp\/v2\/categories?post=528855"},{"taxonomy":"post_tag","embeddable":true,"href":"https:\/\/www.europesays.com\/fr\/wp-json\/wp\/v2\/tags?post=528855"}],"curies":[{"name":"wp","href":"https:\/\/api.w.org\/{rel}","templated":true}]}}