{"id":528858,"date":"2025-11-12T07:53:22","date_gmt":"2025-11-12T07:53:22","guid":{"rendered":"https:\/\/www.europesays.com\/fr\/528858\/"},"modified":"2025-11-12T07:53:22","modified_gmt":"2025-11-12T07:53:22","slug":"la-commission-europeenne-envisagerait-de-donner-la-priorite-a-li","status":"publish","type":"post","link":"https:\/\/www.europesays.com\/fr\/528858\/","title":{"rendered":"La Commission europ\u00e9enne envisagerait de donner la priorit\u00e9 \u00e0 l&rsquo;I &#8230;"},"content":{"rendered":"<p>Dans la balance entre la protection de la vie priv\u00e9e et l&rsquo;innovation en mati\u00e8re d&rsquo;intelligence artificielle, la Commission europ\u00e9enne semble pr\u00eate \u00e0 faire des concessions, au grand dam des d\u00e9fenseurs de la vie priv\u00e9e.<\/p>\n<p>Plusieurs m\u00e9dias, dont <a href=\"https:\/\/www.politico.eu\/article\/brussels-knifes-privacy-to-feed-the-ai-boom-gdpr-digital-omnibus\/\" target=\"_blank\" rel=\"noopener\">Politico<\/a> et <a href=\"https:\/\/netzpolitik.org\/2025\/digitaler-omnibus-eu-kommission-will-datenschutzgrundverordnung-und-ki-regulierung-schleifen\/\" target=\"_blank\" rel=\"noopener\">Netzpolitik.de<\/a> ont ainsi mis la main sur <a href=\"https:\/\/cdn.netzpolitik.org\/wp-upload\/2025\/11\/EU-Kommission-Digital-Omnibus-A-Data-Act-und-DSGVO.pdf\" target=\"_blank\" rel=\"noopener\">des versions pr\u00e9liminaires du texte Digital Omnibus<\/a>, un texte de loi que doit pr\u00e9senter la Commission europ\u00e9enne avant la fin du mois de novembre et dont l&rsquo;objet est d&rsquo;apporter des modifications au cadre r\u00e9glementaire de plusieurs lois existantes afin de faciliter leur application et leur efficacit\u00e9. Mais les changements envisag\u00e9s inqui\u00e8tent les organisations de d\u00e9fense de la vie priv\u00e9e <a href=\"https:\/\/noyb.eu\/fr\/eu-commission-about-wreck-core-principles-gdpr\" target=\"_blank\" rel=\"noopener\">comme noyb<\/a>, qui d\u00e9nonce une remise en cause profonde du r\u00e8glement europ\u00e9en sur la protection des donn\u00e9es personnelles au profit des entreprises sp\u00e9cialis\u00e9es dans l&rsquo;intelligence artificielle.<\/p>\n<p> Main basse sur les donn\u00e9es personnelles <\/p>\n<p>Parmi les mesures envisag\u00e9es, la Commission pourrait autoriser le traitement de donn\u00e9es personnelles pour l&rsquo;entra\u00eenement des mod\u00e8les d&rsquo;IA sans n\u00e9cessiter le consentement des internautes, au titre de \u00ab\u00a0l&rsquo;int\u00e9r\u00eat l\u00e9gitime\u00a0\u00bb. Ce motif avait notamment \u00e9t\u00e9 invoqu\u00e9 en d\u00e9but d&rsquo;ann\u00e9e 2024 par plusieurs entreprises am\u00e9ricaines comme Meta afin de justifier la collecte de donn\u00e9es personnelles de citoyen europ\u00e9ens, mais l&rsquo;argument avait provoqu\u00e9 une r\u00e9action vive de la part des organisations de d\u00e9fense de la vie priv\u00e9e, qui avaient finalement <a href=\"https:\/\/www.zdnet.fr\/actualites\/meta-fait-marche-arriere-en-europe-sur-lentrainement-de-ses-ia-393170.htm\" target=\"_blank\" rel=\"noopener\">pouss\u00e9 Meta \u00e0 revenir sur ses pas.\u00a0<\/a><\/p>\n<p>Le projet s&rsquo;accompagne \u00e9galement d&rsquo;une red\u00e9finition des crit\u00e8res juridiques d\u00e9finissant le concept de donn\u00e9es personnelles au sens du r\u00e8glement europ\u00e9en. Le texte envisage ainsi de consid\u00e9rer que les donn\u00e9es pseudonymis\u00e9es ne sont pas soumises aux m\u00eames obligations que le reste des donn\u00e9es personnelles.<\/p>\n<p>Enfin, le texte entend aussi revoir les exigences en mati\u00e8re de collecte des cookies pour les sites web en simplifiant le recueil du consentement et la mise en place d&rsquo;outils de pistage publicitaire. La Commission avait <a href=\"https:\/\/www.zdnet.fr\/actualites\/cookies-la-commission-veut-nous-debarrasser-des-bannieres-482502.htm\" target=\"_blank\" rel=\"noopener\">d\u00e9j\u00e0 fait part de sa volont\u00e9 de lutter contre l&rsquo;omnipr\u00e9sence des banni\u00e8res<\/a> de recueil de consentement sur les sites web, qui avaient \u00e9t\u00e9 mises en place dans un souci de conformit\u00e9 au RGPD mais qui alourdissent la lisibilit\u00e9 des sites. En la mati\u00e8re, la Commission semble opter pour un recueil du consentement au niveau du navigateur, via la mise en place d&rsquo;un param\u00e8tre comparable au DoNotTrack, afin d&rsquo;\u00e9viter un questionnaire sur chaque site.<\/p>\n<p> Le RGPD all\u00e9g\u00e9 pour faciliter l&rsquo;innovation <\/p>\n<p>La Commission doit pr\u00e9senter la version finale de sa proposition le 19 novembre, et sa position pourrait donc encore \u00e9voluer d&rsquo;ici \u00e0 cette date. Mais les multiples changements envisag\u00e9s ont d\u00e9j\u00e0 provoqu\u00e9 de vives r\u00e9actions du c\u00f4t\u00e9 des d\u00e9fenseurs de la vie priv\u00e9e. L&rsquo;association autrichienne noyb s&rsquo;inqui\u00e8te ainsi d&rsquo;une proposition de loi visant \u00e0 \u00ab\u00a0d\u00e9truire les principes au c\u0153ur du RGPD\u00a0\u00bb au b\u00e9n\u00e9fice des grandes entreprises am\u00e9ricaines d\u00e9veloppant des mod\u00e8les d&rsquo;IA. L&rsquo;ancien eurod\u00e9put\u00e9 Philip Albrecht,qui a oeuvr\u00e9 \u00e0 l&rsquo;\u00e9laboration du RGPD,\u00a0 s&rsquo;est \u00e9galement \u00e9mu d&rsquo;un texte de loi qui signifierait \u00ab\u00a0la fin de la protection des donn\u00e9es et de la vie priv\u00e9e telles que nous les avons inscrites dans le trait\u00e9 de l&rsquo;UE et la charte des droits fondamentaux.\u00a0\u00bb<\/p>\n<p>L&rsquo;ambition du texte vise \u00e0 r\u00e9pondre aux nombreuses critiques \u00e9manant des acteurs de la tech et de l&rsquo;intelligence artificielle \u00e0 l&rsquo;\u00e9gard du cadre r\u00e9glementaire europ\u00e9en, jug\u00e9 d\u00e9favorable \u00e0 l&rsquo;innovation du secteur. La piste avait d\u00e9j\u00e0 \u00e9t\u00e9 \u00e9voqu\u00e9e en 2024 dans les colonnes du rapport Draghi sur la comp\u00e9titivit\u00e9 de l&rsquo;Union europ\u00e9enne, qui avait soulign\u00e9 que le RGPD pouvait compliquer la t\u00e2che des entreprises se sp\u00e9cialisant dans l&rsquo;intelligence artificielle.<\/p>\n","protected":false},"excerpt":{"rendered":"Dans la balance entre la protection de la vie priv\u00e9e et l&rsquo;innovation en mati\u00e8re d&rsquo;intelligence artificielle, la Commission&hellip;\n","protected":false},"author":2,"featured_media":528859,"comment_status":"","ping_status":"","sticky":false,"template":"","format":"standard","meta":{"footnotes":""},"categories":[1586],"tags":[11,26528,1777,674,1779,1011,27,3995,12,8088,9235,25,5122,1778,364],"class_list":{"0":"post-528858","1":"post","2":"type-post","3":"status-publish","4":"format-standard","5":"has-post-thumbnail","7":"category-europe","8":"tag-actualites","9":"tag-donnees-privees","10":"tag-eu","11":"tag-europe","12":"tag-european-union","13":"tag-fr","14":"tag-france","15":"tag-intelligence-artificielle-ia","16":"tag-news","17":"tag-reglementation","18":"tag-regulation","19":"tag-republique-francaise","20":"tag-rgpd","21":"tag-ue","22":"tag-union-europeenne"},"share_on_mastodon":{"url":"https:\/\/pubeurope.com\/@fr\/115535649483902411","error":""},"_links":{"self":[{"href":"https:\/\/www.europesays.com\/fr\/wp-json\/wp\/v2\/posts\/528858","targetHints":{"allow":["GET"]}}],"collection":[{"href":"https:\/\/www.europesays.com\/fr\/wp-json\/wp\/v2\/posts"}],"about":[{"href":"https:\/\/www.europesays.com\/fr\/wp-json\/wp\/v2\/types\/post"}],"author":[{"embeddable":true,"href":"https:\/\/www.europesays.com\/fr\/wp-json\/wp\/v2\/users\/2"}],"replies":[{"embeddable":true,"href":"https:\/\/www.europesays.com\/fr\/wp-json\/wp\/v2\/comments?post=528858"}],"version-history":[{"count":0,"href":"https:\/\/www.europesays.com\/fr\/wp-json\/wp\/v2\/posts\/528858\/revisions"}],"wp:featuredmedia":[{"embeddable":true,"href":"https:\/\/www.europesays.com\/fr\/wp-json\/wp\/v2\/media\/528859"}],"wp:attachment":[{"href":"https:\/\/www.europesays.com\/fr\/wp-json\/wp\/v2\/media?parent=528858"}],"wp:term":[{"taxonomy":"category","embeddable":true,"href":"https:\/\/www.europesays.com\/fr\/wp-json\/wp\/v2\/categories?post=528858"},{"taxonomy":"post_tag","embeddable":true,"href":"https:\/\/www.europesays.com\/fr\/wp-json\/wp\/v2\/tags?post=528858"}],"curies":[{"name":"wp","href":"https:\/\/api.w.org\/{rel}","templated":true}]}}