{"id":528866,"date":"2025-11-12T08:03:11","date_gmt":"2025-11-12T08:03:11","guid":{"rendered":"https:\/\/www.europesays.com\/fr\/528866\/"},"modified":"2025-11-12T08:03:11","modified_gmt":"2025-11-12T08:03:11","slug":"grosse-sanction-confirmee-apres-france-afrique-du-sud","status":"publish","type":"post","link":"https:\/\/www.europesays.com\/fr\/528866\/","title":{"rendered":"Grosse sanction confirm\u00e9e apr\u00e8s France-Afrique du Sud\u00a0!"},"content":{"rendered":"<p><strong>Exclu\u00a0apr\u00e8s un plaquage<br \/>\ndangereux sur Thomas Ramos lors de France-Afrique du Sud (17-32),<br \/>\nsamedi, Lood De\u00a0Jager a \u00e9t\u00e9 suspendu quatre semaines par World<br \/>\nRugby et ratera donc la fin de la tourn\u00e9e des<br \/>\nSpringboks.<\/strong><\/p>\n<p>Intraitables sur la pelouse du Stade de France, o\u00f9 ils ont<br \/>\nconcass\u00e9 les Bleus (17-32) malgr\u00e9 une seconde p\u00e9riode jou\u00e9e en<br \/>\ninf\u00e9riorit\u00e9 num\u00e9rique, les Springboks ont en revanche perdu leur<br \/>\ncombat devant World Rugby concernant Lood De Jager, expuls\u00e9 juste<br \/>\navant la pause pour un plaquage dangereux sur Thomas Ramos.<\/p>\n<p>Alors qu\u2019ils estimaient le carton rouge inflig\u00e9 par l\u2019Australien<br \/>\nAngus Gardner trop s\u00e9v\u00e8re et appelaient \u00e0 la cl\u00e9mence de la<br \/>\ncommission de discipline de World Rugby, les Sud-Africains ont vu<br \/>\nl\u2019instance internationale infliger quatre semaines de suspension au<br \/>\ndeuxi\u00e8me-ligne des Springboks.<\/p>\n<p>\u00ab\u00a0La commission disciplinaire a confirm\u00e9 le carton<br \/>\nrouge inflig\u00e9 au joueur et, en appliquant les sanctions de World<br \/>\nRugby, a d\u00e9termin\u00e9 qu\u2019une suspension de six semaines\/matches, soit<br \/>\nla sanction minimale, \u00e9tait appropri\u00e9e. La commission a appliqu\u00e9<br \/>\ndes circonstances att\u00e9nuantes, r\u00e9duisant la suspension minimale de<br \/>\ndeux semaines, ce qui ram\u00e8ne la sanction finale \u00e0 quatre<br \/>\nsemaines\/matches\u00a0\u00bb, a fait savoir World Rugby dans un<br \/>\ncommuniqu\u00e9.<\/p>\n<p>Tourn\u00e9e termin\u00e9e pour Lood De Jager<\/p>\n<p>Ces quatre semaines de suspension signifient que Lood De Jager<br \/>\nmanquera les trois derniers matches de la tourn\u00e9e d\u2019automne de<br \/>\nl\u2019Afrique du Sud. Les Springboks, qui avaient \u00e9cras\u00e9 le Japon<br \/>\n(61-7) avant de venir l\u2019emporter au Stade de France face aux Bleus,<br \/>\ndoivent en effet d\u00e9sormais encha\u00eener avec l\u2019Italie (le<br \/>\n15\u00a0novembre), l\u2019Irlande (le 22) et le pays de Galles (le<br \/>\n29).<\/p>\n<p>Le deuxi\u00e8me ligne devrait \u00e9galement manquer une rencontre de<br \/>\nJapan League disput\u00e9e avec son club des Wild Knights de Saitama. A<br \/>\nmoins qu\u2019il ne choisisse de participer \u00e0 un stage de<br \/>\nsensibilisation aupr\u00e8s de World Rugby, ce qui \u00e9courterait sa peine<br \/>\nd\u2019une semaine.<\/p>\n","protected":false},"excerpt":{"rendered":"Exclu\u00a0apr\u00e8s un plaquage dangereux sur Thomas Ramos lors de France-Afrique du Sud (17-32), samedi, Lood De\u00a0Jager a \u00e9t\u00e9&hellip;\n","protected":false},"author":2,"featured_media":528867,"comment_status":"","ping_status":"","sticky":false,"template":"","format":"standard","meta":{"footnotes":""},"categories":[1416],"tags":[1011,27,479,1468,60],"class_list":{"0":"post-528866","1":"post","2":"type-post","3":"status-publish","4":"format-standard","5":"has-post-thumbnail","7":"category-rugby","8":"tag-fr","9":"tag-france","10":"tag-rugby","11":"tag-rugby-football","12":"tag-sports"},"share_on_mastodon":{"url":"https:\/\/pubeurope.com\/@fr\/115535688723342649","error":""},"_links":{"self":[{"href":"https:\/\/www.europesays.com\/fr\/wp-json\/wp\/v2\/posts\/528866","targetHints":{"allow":["GET"]}}],"collection":[{"href":"https:\/\/www.europesays.com\/fr\/wp-json\/wp\/v2\/posts"}],"about":[{"href":"https:\/\/www.europesays.com\/fr\/wp-json\/wp\/v2\/types\/post"}],"author":[{"embeddable":true,"href":"https:\/\/www.europesays.com\/fr\/wp-json\/wp\/v2\/users\/2"}],"replies":[{"embeddable":true,"href":"https:\/\/www.europesays.com\/fr\/wp-json\/wp\/v2\/comments?post=528866"}],"version-history":[{"count":0,"href":"https:\/\/www.europesays.com\/fr\/wp-json\/wp\/v2\/posts\/528866\/revisions"}],"wp:featuredmedia":[{"embeddable":true,"href":"https:\/\/www.europesays.com\/fr\/wp-json\/wp\/v2\/media\/528867"}],"wp:attachment":[{"href":"https:\/\/www.europesays.com\/fr\/wp-json\/wp\/v2\/media?parent=528866"}],"wp:term":[{"taxonomy":"category","embeddable":true,"href":"https:\/\/www.europesays.com\/fr\/wp-json\/wp\/v2\/categories?post=528866"},{"taxonomy":"post_tag","embeddable":true,"href":"https:\/\/www.europesays.com\/fr\/wp-json\/wp\/v2\/tags?post=528866"}],"curies":[{"name":"wp","href":"https:\/\/api.w.org\/{rel}","templated":true}]}}