{"id":528868,"date":"2025-11-12T08:06:26","date_gmt":"2025-11-12T08:06:26","guid":{"rendered":"https:\/\/www.europesays.com\/fr\/528868\/"},"modified":"2025-11-12T08:06:26","modified_gmt":"2025-11-12T08:06:26","slug":"atp-finals-le-programme-complet-du-12-novembre","status":"publish","type":"post","link":"https:\/\/www.europesays.com\/fr\/528868\/","title":{"rendered":"ATP Finals : Le programme complet du 12 novembre"},"content":{"rendered":"<p>\n\t\t\t\t\tPlace au groupe Bj\u00f6rn Borg ce mercredi \u00e0 Turin : Jannik Sinner d\u00e9fiera Alexander Zverev, tandis que F\u00e9lix Auger-Aliassime affrontera Ben Shelton.\t\t\t\t<\/p>\n<p>\t\t\t\t\t<img loading=\"lazy\" width=\"527\" height=\"297\" src=\"https:\/\/www.europesays.com\/fr\/wp-content\/uploads\/2025\/11\/G5dfKtvXMAA5Naq-e1762872851494-527x297.jpeg\" class=\"attachment-csco-thumbnail-uncropped size-csco-thumbnail-uncropped wp-post-image\" alt=\"Jannik Sinner d\u00e9fiera Alexander Zverev ce mercredi. (Getty Images)\" decoding=\"async\"  \/>\t\t\t\t\t<img loading=\"lazy\" width=\"1044\" height=\"588\" src=\"https:\/\/www.europesays.com\/fr\/wp-content\/uploads\/2025\/11\/G5dfKtvXMAA5Naq-e1762872851494-1044x588.jpeg\" class=\"attachment-csco-large-uncropped size-csco-large-uncropped wp-post-image\" alt=\"Jannik Sinner d\u00e9fiera Alexander Zverev ce mercredi. (Getty Images)\" decoding=\"async\"  \/>\t\t\t\t<\/p>\n<p>\n\t\t\t\t\t\tJannik Sinner d\u00e9fiera Alexander Zverev ce mercredi. (Getty Images)\t\t\t\t\t<\/p>\n<p data-start=\"114\" data-end=\"492\">Place au <strong data-start=\"123\" data-end=\"161\">deuxi\u00e8me jour du groupe Bj\u00f6rn Borg<\/strong>. Invaincus jusqu\u2019\u00e0 pr\u00e9sent, <strong data-start=\"190\" data-end=\"207\">Jannik Sinner<\/strong> et <strong data-start=\"211\" data-end=\"231\">Alexander Zverev<\/strong> vont s\u2019affronter pour la <strong data-start=\"257\" data-end=\"273\">dixi\u00e8me fois<\/strong> de leur carri\u00e8re.<\/p>\n<p data-start=\"114\" data-end=\"492\">Le vainqueur de ce duel fera un grand pas vers le <strong data-start=\"346\" data-end=\"363\">dernier carr\u00e9<\/strong>, tandis que le perdant du match entre <strong data-start=\"402\" data-end=\"417\">Ben Shelton<\/strong> et <strong data-start=\"421\" data-end=\"446\">F\u00e9lix Auger-Aliassime<\/strong> se retrouvera en <strong data-start=\"464\" data-end=\"489\">tr\u00e8s mauvaise posture<\/strong>.<\/p>\n<p><strong data-start=\"1083\" data-end=\"1115\">O\u00f9 regarder les ATP Finals ?<\/strong><\/p>\n<p><strong data-start=\"1187\" data-end=\"1216\">La programmation compl\u00e8te<\/strong><\/p>\n<p data-start=\"1217\" data-end=\"1244\"><strong data-start=\"1217\" data-end=\"1242\">Pala Alpitour \u2013 Turin<\/strong><\/p>\n<p>Le premier match opposera <strong>Ben Shelton<\/strong> \u00e0 <strong>F\u00e9lix Auger-Aliassime<\/strong>. Battus lors de leur premi\u00e8re rencontre, les deux joueurs auront \u00e0 c\u0153ur de rectifier le tir ce mercredi. Le Canadien avait remport\u00e9 leur unique affrontement, \u00e0 Roland-Garros l\u2019an pass\u00e9, en trois sets. Une incertitude subsiste toutefois concernant le r\u00e9cent finaliste \u00e0 Paris, qui s\u2019\u00e9tait plaint du mollet gauche face \u00e0 <strong>Jannik Sinner<\/strong> lundi.<\/p>\n<p>Enfin, dans la deuxi\u00e8me rencontre, le n\u00b02 mondial retrouvera <strong>Alexander Zverev<\/strong>. Les deux joueurs vont s\u2019affronter pour la dixi\u00e8me fois, la troisi\u00e8me en un mois. <strong>Jannik Sinner<\/strong> m\u00e8ne 5-4 dans leurs confrontations et abordera logiquement ce match en favori, fort de ses 27 victoires cons\u00e9cutives en indoor. Lors de leur derni\u00e8re opposition, le tenant du titre avait surclass\u00e9 l\u2019Allemand, alors diminu\u00e9 par une blessure \u00e0 la cheville (6-0, 6-1).<\/p>\n","protected":false},"excerpt":{"rendered":"Place au groupe Bj\u00f6rn Borg ce mercredi \u00e0 Turin : Jannik Sinner d\u00e9fiera Alexander Zverev, tandis que F\u00e9lix&hellip;\n","protected":false},"author":2,"featured_media":528869,"comment_status":"","ping_status":"","sticky":false,"template":"","format":"standard","meta":{"footnotes":""},"categories":[1415],"tags":[5827,62964,19856,49902,1011,27,20859,60,1467],"class_list":{"0":"post-528868","1":"post","2":"type-post","3":"status-publish","4":"format-standard","5":"has-post-thumbnail","7":"category-tennis","8":"tag-alexander-zverev","9":"tag-atp-finals","10":"tag-ben-shelton","11":"tag-felix-auger-aliassime","12":"tag-fr","13":"tag-france","14":"tag-jannik-sinner","15":"tag-sports","16":"tag-tennis"},"share_on_mastodon":{"url":"https:\/\/pubeurope.com\/@fr\/115535701357774401","error":""},"_links":{"self":[{"href":"https:\/\/www.europesays.com\/fr\/wp-json\/wp\/v2\/posts\/528868","targetHints":{"allow":["GET"]}}],"collection":[{"href":"https:\/\/www.europesays.com\/fr\/wp-json\/wp\/v2\/posts"}],"about":[{"href":"https:\/\/www.europesays.com\/fr\/wp-json\/wp\/v2\/types\/post"}],"author":[{"embeddable":true,"href":"https:\/\/www.europesays.com\/fr\/wp-json\/wp\/v2\/users\/2"}],"replies":[{"embeddable":true,"href":"https:\/\/www.europesays.com\/fr\/wp-json\/wp\/v2\/comments?post=528868"}],"version-history":[{"count":0,"href":"https:\/\/www.europesays.com\/fr\/wp-json\/wp\/v2\/posts\/528868\/revisions"}],"wp:featuredmedia":[{"embeddable":true,"href":"https:\/\/www.europesays.com\/fr\/wp-json\/wp\/v2\/media\/528869"}],"wp:attachment":[{"href":"https:\/\/www.europesays.com\/fr\/wp-json\/wp\/v2\/media?parent=528868"}],"wp:term":[{"taxonomy":"category","embeddable":true,"href":"https:\/\/www.europesays.com\/fr\/wp-json\/wp\/v2\/categories?post=528868"},{"taxonomy":"post_tag","embeddable":true,"href":"https:\/\/www.europesays.com\/fr\/wp-json\/wp\/v2\/tags?post=528868"}],"curies":[{"name":"wp","href":"https:\/\/api.w.org\/{rel}","templated":true}]}}