{"id":528874,"date":"2025-11-12T08:12:12","date_gmt":"2025-11-12T08:12:12","guid":{"rendered":"https:\/\/www.europesays.com\/fr\/528874\/"},"modified":"2025-11-12T08:12:12","modified_gmt":"2025-11-12T08:12:12","slug":"bruce-willis-jai-recu-un-signal-dalarme-emma-heming-ne-peut-assurer-tous-les-soins-de-son-mari","status":"publish","type":"post","link":"https:\/\/www.europesays.com\/fr\/528874\/","title":{"rendered":"Bruce Willis : \u201cj&rsquo;ai re\u00e7u un signal d&rsquo;alarme\u201d, Emma Heming ne peut assurer tous les soins de son mari"},"content":{"rendered":"<p>Les nouvelles concernant <strong>Bruce Willis continuent<br \/>\nd\u2019inqui\u00e9ter ses admirateurs.<\/strong> Selon plusieurs m\u00e9dias<br \/>\nam\u00e9ricains, l\u2019acteur aurait perdu une grande partie de son<br \/>\nautonomie. Aper\u00e7u r\u00e9cemment <a href=\"https:\/\/www.closermag.fr\/people\/malade-bruce-willis-sautorise-une-rare-sortie-et-les-images-emeuvent-tout-le-monde-3592343\" target=\"_blank\" rel=\"noopener\"><br \/>\nlors d\u2019une promenade sur une plage de Los Angeles<\/a>, il semblait<br \/>\navoir besoin d\u2019une assistance permanente pour se d\u00e9placer.<\/p>\n<p>Son \u00e9pouse, Emma Heming Willis, qui l\u2019accompagne au quotidien<br \/>\ndepuis le diagnostic de sa maladie, s\u2019est exprim\u00e9e avec \u00e9motion sur<br \/>\nles difficult\u00e9s de son r\u00f4le d\u2019aidante. Invit\u00e9e dans le podcast<br \/>\nam\u00e9ricain Heal Squad, la mannequin a r\u00e9v\u00e9l\u00e9 \u00e0 quel point<br \/>\nla situation peut \u00eatre \u00e9puisante sur le plan physique comme mental.<br \/>\n\u201cJ\u2019ai re\u00e7u un signal d\u2019alarme de la part de son neurologue. Il<br \/>\nm\u2019a expliqu\u00e9 que 40 % des aidants meurent avant la personne dont<br \/>\nils s\u2019occupent. Soit parce qu\u2019ils n\u00e9gligent leur propre sant\u00e9, soit<br \/>\nparce que <strong>le stress finit par les<br \/>\nrattraper.\u201d<\/strong><\/p>\n<p>Emma Heming en d\u00e9tresse face \u00e0 la maladie de Bruce Willis<\/p>\n<p>Une statistique qui l\u2019a profond\u00e9ment marqu\u00e9e. <a href=\"https:\/\/www.closermag.fr\/people\/elles-sont-en-deuil-la-femme-de-bruce-willis-fait-de-tragiques-confidences-sur-leurs-filles-3587070\" target=\"_blank\" rel=\"noopener\"><br \/>\nEmma Heming, r\u00e9cemment en deuil,<\/a> qui partage deux filles avec<br \/>\nBruce Willis, reconna\u00eet avoir parfois du mal \u00e0 trouver un<br \/>\n\u00e9quilibre. \u201cCeux qui prennent soin des autres doivent aussi<br \/>\napprendre \u00e0 prendre soin d\u2019eux-m\u00eames\u201d, a-t-elle poursuivi.<br \/>\n\u201cSinon, \u00e0 long terme, ce n\u2019est tout <strong>simplement pas<br \/>\ntenable\u201d.<\/strong><\/p>\n<p>L\u2019\u00e9pouse de la star, tr\u00e8s active sur les r\u00e9seaux sociaux, avait<br \/>\nd\u00e9j\u00e0 confi\u00e9 il y a quelques mois que son quotidien ressemblait \u00e0<br \/>\n\u201cun combat invisible\u201d. Elle multiplie aujourd\u2019hui les prises de<br \/>\nparole publiques pour sensibiliser aux maladies neurod\u00e9g\u00e9n\u00e9ratives<br \/>\net au r\u00f4le des aidants familiaux, souvent oubli\u00e9s.<\/p>\n<p>Un combat si difficile<\/p>\n<p>Depuis 2022, l\u2019acteur de Die Hard est atteint <strong>d\u2019une<br \/>\nd\u00e9mence fronto-temporale,<\/strong> une pathologie rare qui alt\u00e8re<br \/>\nprogressivement les capacit\u00e9s de langage, de lecture et de<br \/>\nmouvement. Les proches de Bruce Willis d\u00e9crivent une \u00e9volution<br \/>\nrapide de la maladie. Il aurait d\u00e9sormais beaucoup de mal \u00e0 parler,<br \/>\net ses d\u00e9placements n\u00e9cessitent une aide constante. Sa famille<br \/>\nreste soud\u00e9e autour de lui.<\/p>\n<p>Ensemble, elles veillent \u00e0 lui offrir un environnement paisible<br \/>\net \u00e0 pr\u00e9server sa dignit\u00e9, loin de l\u2019agitation m\u00e9diatique. <a href=\"https:\/\/www.closermag.fr\/people\/bruce-willis-atteint-de-demence-sa-femme-sous-le-feu-des-critiques-apres-avoir-place-lacteur-en-maison-medicalisee-3574588\" target=\"_blank\" rel=\"noopener\"><br \/>\nMalgr\u00e9 la douleur, Emma Heming<\/a> garde le cap : \u00ab\u00a0Il faut<br \/>\naccepter qu\u2019on ne peut pas tout contr\u00f4ler. Je fais ce que je peux,<br \/>\nun jour \u00e0 la fois\u00a0\u00bb. Une phrase simple, mais qui r\u00e9sume le<br \/>\ncourage et la r\u00e9silience de celle qui, depuis trois ans, porte \u00e0<br \/>\nbout de bras la l\u00e9gende d\u2019Hollywood.<\/p>\n","protected":false},"excerpt":{"rendered":"Les nouvelles concernant Bruce Willis continuent d\u2019inqui\u00e9ter ses admirateurs. Selon plusieurs m\u00e9dias am\u00e9ricains, l\u2019acteur aurait perdu une grande&hellip;\n","protected":false},"author":2,"featured_media":528875,"comment_status":"","ping_status":"","sticky":false,"template":"","format":"standard","meta":{"footnotes":""},"categories":[1359],"tags":[4422,58,31696,59,1011,27,973],"class_list":{"0":"post-528874","1":"post","2":"type-post","3":"status-publish","4":"format-standard","5":"has-post-thumbnail","7":"category-people","8":"tag-bruce-willis","9":"tag-divertissement","10":"tag-emma-heming","11":"tag-entertainment","12":"tag-fr","13":"tag-france","14":"tag-people"},"share_on_mastodon":{"url":"https:\/\/pubeurope.com\/@fr\/115535724204146237","error":""},"_links":{"self":[{"href":"https:\/\/www.europesays.com\/fr\/wp-json\/wp\/v2\/posts\/528874","targetHints":{"allow":["GET"]}}],"collection":[{"href":"https:\/\/www.europesays.com\/fr\/wp-json\/wp\/v2\/posts"}],"about":[{"href":"https:\/\/www.europesays.com\/fr\/wp-json\/wp\/v2\/types\/post"}],"author":[{"embeddable":true,"href":"https:\/\/www.europesays.com\/fr\/wp-json\/wp\/v2\/users\/2"}],"replies":[{"embeddable":true,"href":"https:\/\/www.europesays.com\/fr\/wp-json\/wp\/v2\/comments?post=528874"}],"version-history":[{"count":0,"href":"https:\/\/www.europesays.com\/fr\/wp-json\/wp\/v2\/posts\/528874\/revisions"}],"wp:featuredmedia":[{"embeddable":true,"href":"https:\/\/www.europesays.com\/fr\/wp-json\/wp\/v2\/media\/528875"}],"wp:attachment":[{"href":"https:\/\/www.europesays.com\/fr\/wp-json\/wp\/v2\/media?parent=528874"}],"wp:term":[{"taxonomy":"category","embeddable":true,"href":"https:\/\/www.europesays.com\/fr\/wp-json\/wp\/v2\/categories?post=528874"},{"taxonomy":"post_tag","embeddable":true,"href":"https:\/\/www.europesays.com\/fr\/wp-json\/wp\/v2\/tags?post=528874"}],"curies":[{"name":"wp","href":"https:\/\/api.w.org\/{rel}","templated":true}]}}